{"id":11866,"date":"2013-05-28T08:32:15","date_gmt":"2013-05-28T13:32:15","guid":{"rendered":"http:\/\/www.ambiente.gob.ec\/?p=11866"},"modified":"2013-05-28T08:32:35","modified_gmt":"2013-05-28T13:32:35","slug":"programa-socio-bosque-se-promociona-en-academia-alemana","status":"publish","type":"post","link":"https:\/\/www.ambienteyenergia.gob.ec\/ambiente\/programa-socio-bosque-se-promociona-en-academia-alemana\/","title":{"rendered":"Programa Socio Bosque se promociona en academia alemana"},"content":{"rendered":"<p style=\"text-align: justify;\">Robert Hofstede, bi\u00f3logo holand\u00e9s, que fue docente de la Universidad de Amsterdam y director regional de la Uni\u00f3n Internacional para la Conservaci\u00f3n de la Naturaleza (UICN), difundi\u00f3 un art\u00edculo sobre el Programa Socio Bosque en el Portal internacional Info Andina del Consorcio para el Desarrollo Sostenible de la Ecorregi\u00f3n Andina (CONDESAN).<\/p>\n<p style=\"text-align: justify;\"><strong>\u00a1La biodiversidad toma revancha!<\/strong><\/p>\n<p style=\"text-align: justify;\">En esta semana, celebrando el d\u00eda internacional de la diversidad biol\u00f3gica, estuve participando en unos talleres interesantes y bastante divertidos. Se trata de encuentros de campesinos de alta monta\u00f1a en el Ecuador, beneficiados por el programa Socio Bosque. Es un programa exitoso que ya est\u00e1 dando resultados positivos y beneficiarios contentos. En algunos casos tan exitosos, que la biodiversidad ha aumentado a niveles no esperados, como veremos adelante.<\/p>\n<p style=\"text-align: justify;\">El programa Socio Bosque es un ejemplo bastante positivo de como el Estado se ha comprometido con propietarios que deciden voluntariamente conservar sus bosques, p\u00e1ramos y humedales. El programa da preferencia a comunidades y a peque\u00f1os campesinos pero en realidad, cualquier propietario de una porci\u00f3n de naturaleza es elegible para entrar en el programa y recibir un incentivo monetario anual con la condici\u00f3n de que proteja su \u00e1rea. De esta manera, en tres a\u00f1os de existencia del programa, Ecuador ha logrado tener m\u00e1s de un mill\u00f3n de hect\u00e1reas adicionales bajo conservaci\u00f3n, una superficie igual a un cuarto de toda la superficie incluida en el Sistema Nacional de \u00c1reas Protegidas.<\/p>\n<p style=\"text-align: justify;\">El Programa Socio Bosque organiza regularmente encuentros entre sus beneficiarios para intercambiar experiencias y tener la oportunidad de clarificar dudas y preguntas sobre la operatividad del programa. Tuve el privilegio de participar en varios de estos talleres y escuch\u00e9 muchas historias lindas. Aprend\u00ed que la gente valora sobremanera que el Estado reconozca (con dinero) los esfuerzos voluntarios para conservar. Mencionan que por primera vez se sienten incentivados para conservar y no obligados por la legislaci\u00f3n. Los beneficiarios tambi\u00e9n aplauden que el programa no pone condiciones para el gasto del financiamiento recibido.<\/p>\n<p style=\"text-align: justify;\">Ellos destinan los fondos a actividades relacionadas con la conservaci\u00f3n (cercas, r\u00f3tulos, vigilancia) y les sobra para invertir en temas tan variados como asistencia a enfermos, becas para estudiantes, la construcci\u00f3n de una iglesia o proyectos productivos agr\u00edcolas. Los beneficiaros expresaron en varias ocasiones que este programa es mejor que los proyectos que realizaron con ONGs, porque \u00e9stos eran de corta duraci\u00f3n, involucraban a poca gente y no dieron ingresos directos.<\/p>\n<p style=\"text-align: justify;\">En el campo los efectos del programa ya son visibles. En el caso del p\u00e1ramo, no siempre fueron incluidas las \u00e1reas m\u00e1s pr\u00edstinas. Sin embargo, la regeneraci\u00f3n ha sido impresionante, simplemente al eliminar la quema y retirar el ganado. Los propios campesinos mencionan que \u00abno sab\u00edamos que la paja pod\u00eda crecer tan alto\u00bb.<\/p>\n<p style=\"text-align: justify;\">La conciencia de la gente aument\u00f3 mucho: aunque el programa permite manejar ganado en baja intensidad, la mayor\u00eda de los propietarios ha decidido sacar todo el ganado considerando que \u00absi colaboramos con la conservaci\u00f3n, hay que hacerlo bien y no a medias\u00bb. Tambi\u00e9n es notable la mayor presencia de fauna y la gente disfruta de mayor avistamiento de conejos, venados y zorros. Inclusive, en ciertos casos ha sido tan exitoso, que la gente considera \u00abque se nos fue de las manos\u00bb: los agricultores y ganaderos alrededor de las \u00e1reas de conservaci\u00f3n est\u00e1n preocupados de que pumas y osos hagan da\u00f1o en sus fincas. Afortunadamente aun hay pocos conflictos reales entre la gente y los animales silvestres. Inclusive los propios afectados lo califican, con una sonrisa, como una se\u00f1al de que \u00abla biodiversidad est\u00e1 tomando revancha\u00bb.<\/p>\n<p style=\"text-align: justify;\"><em><strong>Fuente:<\/strong> Columna de opini\u00f3n de Robert Hofstede; 20 Mayo 2013, <a href=\"http:\/\/www.infoandina.org\/%22%20%5Ct%20%22_blank\">www.infoandina.org<\/a>.<\/em><\/p>\n","protected":false},"excerpt":{"rendered":"<p class=\"excerpt\">Robert Hofstede, bi\u00f3logo holand\u00e9s, que fue docente de la Universidad de Amsterdam y director regional de la Uni\u00f3n Internacional para la Conservaci\u00f3n de la Naturaleza (UICN), difundi\u00f3 un art\u00edculo sobre el Programa Socio Bosque en el Portal internacional Info Andina del Consorcio para el Desarrollo Sostenible de la Ecorregi\u00f3n Andina (CONDESAN). \u00a1La biodiversidad toma revancha! En esta semana, celebrando el&hellip; <a href=\"https:\/\/www.ambienteyenergia.gob.ec\/ambiente\/programa-socio-bosque-se-promociona-en-academia-alemana\/\">Read more &rarr;<\/a><\/p>\n","protected":false},"author":13,"featured_media":11867,"comment_status":"open","ping_status":"open","sticky":false,"template":"","format":"standard","meta":{"footnotes":""},"categories":[16,4],"tags":[],"class_list":["post-11866","post","type-post","status-publish","format-standard","has-post-thumbnail","hentry","category-comunicamos","category-noticias","xfolkentry"],"_links":{"self":[{"href":"https:\/\/www.ambienteyenergia.gob.ec\/ambiente\/wp-json\/wp\/v2\/posts\/11866","targetHints":{"allow":["GET"]}}],"collection":[{"href":"https:\/\/www.ambienteyenergia.gob.ec\/ambiente\/wp-json\/wp\/v2\/posts"}],"about":[{"href":"https:\/\/www.ambienteyenergia.gob.ec\/ambiente\/wp-json\/wp\/v2\/types\/post"}],"author":[{"embeddable":true,"href":"https:\/\/www.ambienteyenergia.gob.ec\/ambiente\/wp-json\/wp\/v2\/users\/13"}],"replies":[{"embeddable":true,"href":"https:\/\/www.ambienteyenergia.gob.ec\/ambiente\/wp-json\/wp\/v2\/comments?post=11866"}],"version-history":[{"count":0,"href":"https:\/\/www.ambienteyenergia.gob.ec\/ambiente\/wp-json\/wp\/v2\/posts\/11866\/revisions"}],"wp:featuredmedia":[{"embeddable":true,"href":"https:\/\/www.ambienteyenergia.gob.ec\/ambiente\/wp-json\/wp\/v2\/media\/11867"}],"wp:attachment":[{"href":"https:\/\/www.ambienteyenergia.gob.ec\/ambiente\/wp-json\/wp\/v2\/media?parent=11866"}],"wp:term":[{"taxonomy":"category","embeddable":true,"href":"https:\/\/www.ambienteyenergia.gob.ec\/ambiente\/wp-json\/wp\/v2\/categories?post=11866"},{"taxonomy":"post_tag","embeddable":true,"href":"https:\/\/www.ambienteyenergia.gob.ec\/ambiente\/wp-json\/wp\/v2\/tags?post=11866"}],"curies":[{"name":"wp","href":"https:\/\/api.w.org\/{rel}","templated":true}]}}