{"id":11838,"date":"2013-05-27T10:47:14","date_gmt":"2013-05-27T15:47:14","guid":{"rendered":"http:\/\/www.ambiente.gob.ec\/?p=11838"},"modified":"2013-05-27T10:47:14","modified_gmt":"2013-05-27T15:47:14","slug":"la-conservacion-de-especies-en-peligro-fue-la-tematica-del-dia-internacional-de-la-biodiversidad-en-orellana","status":"publish","type":"post","link":"https:\/\/www.ambienteyenergia.gob.ec\/ambiente\/la-conservacion-de-especies-en-peligro-fue-la-tematica-del-dia-internacional-de-la-biodiversidad-en-orellana\/","title":{"rendered":"La conservaci\u00f3n de especies en peligro fue la tem\u00e1tica del  D\u00eda Internacional de la Biodiversidad en Orellana"},"content":{"rendered":"<p style=\"text-align: justify;\">El Ministerio del Ambiente (MAE) en conmemoraci\u00f3n al D\u00eda Internacional de la Biodiversidad, que se celebra el 22 de mayo, realiz\u00f3 un evento en la Plaza del Parque Central del Cant\u00f3n Francisco de Orellana, provincia de Orellana. La tem\u00e1tica de la exposici\u00f3n fue \u201cCuidemos las especies que est\u00e1n en peligro de extinci\u00f3n en nuestra Amazon\u00eda\u201d. A trav\u00e9s de actividades l\u00fadicas se explic\u00f3 la importancia de conservar estos espec\u00edmenes amenazados y su h\u00e1bitat natural.<\/p>\n<p style=\"text-align: justify;\">En la feria se ejecutaron diversas actividades, como rompecabezas de especies silvestres, caritas pintadas y un peque\u00f1o concurso del mejor dibujo que se encuentran dentro de las listas Rojas de Especies en Peligro de Extinci\u00f3n.<\/p>\n<p style=\"text-align: justify;\">Estudiantes del colegio San Francisco de As\u00eds participaron en el concurso de dibujo, en el que recibieron kits y material de apoyo con informaci\u00f3n importante sobre las especies que se expusieron en el evento.<\/p>\n<p style=\"text-align: justify;\">Los tres primeros lugares fueron premiados con un tour al Parque Nacional Yasun\u00ed durante un fin de semana, en el cu\u00e1l conocer\u00e1n la Biodiversidad que tiene esta provincia.<\/p>\n<p style=\"text-align: justify;\"><strong>El Dato<\/strong><\/p>\n<p style=\"text-align: justify;\">El 20 de diciembre de 2000, la Asamblea General de las Naciones Unidas en la Resoluci\u00f3n 55\/201 proclam\u00f3 el 22 de mayo como el D\u00eda Internacional de la Diversidad Biol\u00f3gica. El tema de este a\u00f1o fue Agua y Biodiversidad, con el fin de resaltar la importancia de los ecosistemas y garantizar la seguridad del agua y el desarrollo sostenible.<\/p>\n<div id='gallery-1' class='gallery galleryid-11838 gallery-columns-4 gallery-size-thumbnail'><dl class='gallery-item'>\n\t\t\t<dt class='gallery-icon landscape'>\n\t\t\t\t<a href='https:\/\/www.ambienteyenergia.gob.ec\/ambiente\/la-conservacion-de-especies-en-peligro-fue-la-tematica-del-dia-internacional-de-la-biodiversidad-en-orellana\/orellana-1\/'><img loading=\"lazy\" decoding=\"async\" width=\"150\" height=\"150\" src=\"https:\/\/www.ambienteyenergia.gob.ec\/ambiente\/wp-content\/uploads\/sites\/2\/2013\/05\/orellana-1-150x150.jpg\" class=\"attachment-thumbnail size-thumbnail\" alt=\"\" \/><\/a>\n\t\t\t<\/dt><\/dl><dl class='gallery-item'>\n\t\t\t<dt class='gallery-icon landscape'>\n\t\t\t\t<a href='https:\/\/www.ambienteyenergia.gob.ec\/ambiente\/la-conservacion-de-especies-en-peligro-fue-la-tematica-del-dia-internacional-de-la-biodiversidad-en-orellana\/orellana-2\/'><img loading=\"lazy\" decoding=\"async\" width=\"150\" height=\"150\" src=\"https:\/\/www.ambienteyenergia.gob.ec\/ambiente\/wp-content\/uploads\/sites\/2\/2013\/05\/orellana-2-150x150.jpg\" class=\"attachment-thumbnail size-thumbnail\" alt=\"\" \/><\/a>\n\t\t\t<\/dt><\/dl><dl class='gallery-item'>\n\t\t\t<dt class='gallery-icon landscape'>\n\t\t\t\t<a href='https:\/\/www.ambienteyenergia.gob.ec\/ambiente\/la-conservacion-de-especies-en-peligro-fue-la-tematica-del-dia-internacional-de-la-biodiversidad-en-orellana\/orellana-3\/'><img loading=\"lazy\" decoding=\"async\" width=\"150\" height=\"150\" src=\"https:\/\/www.ambienteyenergia.gob.ec\/ambiente\/wp-content\/uploads\/sites\/2\/2013\/05\/orellana-3-150x150.jpg\" class=\"attachment-thumbnail size-thumbnail\" alt=\"\" \/><\/a>\n\t\t\t<\/dt><\/dl><dl class='gallery-item'>\n\t\t\t<dt class='gallery-icon landscape'>\n\t\t\t\t<a href='https:\/\/www.ambienteyenergia.gob.ec\/ambiente\/la-conservacion-de-especies-en-peligro-fue-la-tematica-del-dia-internacional-de-la-biodiversidad-en-orellana\/orellana-4\/'><img loading=\"lazy\" decoding=\"async\" width=\"150\" height=\"150\" src=\"https:\/\/www.ambienteyenergia.gob.ec\/ambiente\/wp-content\/uploads\/sites\/2\/2013\/05\/orellana-4-150x150.jpg\" class=\"attachment-thumbnail size-thumbnail\" alt=\"\" \/><\/a>\n\t\t\t<\/dt><\/dl><br style=\"clear: both\" \/>\n\t\t<\/div>\n\n<p style=\"text-align: justify;\">\n","protected":false},"excerpt":{"rendered":"<p class=\"excerpt\">El Ministerio del Ambiente (MAE) en conmemoraci\u00f3n al D\u00eda Internacional de la Biodiversidad, que se celebra el 22 de mayo, realiz\u00f3 un evento en la Plaza del Parque Central del Cant\u00f3n Francisco de Orellana, provincia de Orellana. La tem\u00e1tica de la exposici\u00f3n fue \u201cCuidemos las especies que est\u00e1n en peligro de extinci\u00f3n en nuestra Amazon\u00eda\u201d. A trav\u00e9s de actividades l\u00fadicas&hellip; <a href=\"https:\/\/www.ambienteyenergia.gob.ec\/ambiente\/la-conservacion-de-especies-en-peligro-fue-la-tematica-del-dia-internacional-de-la-biodiversidad-en-orellana\/\">Read more &rarr;<\/a><\/p>\n","protected":false},"author":13,"featured_media":11840,"comment_status":"open","ping_status":"open","sticky":false,"template":"","format":"standard","meta":{"footnotes":""},"categories":[16,4],"tags":[],"class_list":["post-11838","post","type-post","status-publish","format-standard","has-post-thumbnail","hentry","category-comunicamos","category-noticias","xfolkentry"],"_links":{"self":[{"href":"https:\/\/www.ambienteyenergia.gob.ec\/ambiente\/wp-json\/wp\/v2\/posts\/11838","targetHints":{"allow":["GET"]}}],"collection":[{"href":"https:\/\/www.ambienteyenergia.gob.ec\/ambiente\/wp-json\/wp\/v2\/posts"}],"about":[{"href":"https:\/\/www.ambienteyenergia.gob.ec\/ambiente\/wp-json\/wp\/v2\/types\/post"}],"author":[{"embeddable":true,"href":"https:\/\/www.ambienteyenergia.gob.ec\/ambiente\/wp-json\/wp\/v2\/users\/13"}],"replies":[{"embeddable":true,"href":"https:\/\/www.ambienteyenergia.gob.ec\/ambiente\/wp-json\/wp\/v2\/comments?post=11838"}],"version-history":[{"count":0,"href":"https:\/\/www.ambienteyenergia.gob.ec\/ambiente\/wp-json\/wp\/v2\/posts\/11838\/revisions"}],"wp:featuredmedia":[{"embeddable":true,"href":"https:\/\/www.ambienteyenergia.gob.ec\/ambiente\/wp-json\/wp\/v2\/media\/11840"}],"wp:attachment":[{"href":"https:\/\/www.ambienteyenergia.gob.ec\/ambiente\/wp-json\/wp\/v2\/media?parent=11838"}],"wp:term":[{"taxonomy":"category","embeddable":true,"href":"https:\/\/www.ambienteyenergia.gob.ec\/ambiente\/wp-json\/wp\/v2\/categories?post=11838"},{"taxonomy":"post_tag","embeddable":true,"href":"https:\/\/www.ambienteyenergia.gob.ec\/ambiente\/wp-json\/wp\/v2\/tags?post=11838"}],"curies":[{"name":"wp","href":"https:\/\/api.w.org\/{rel}","templated":true}]}}