{"id":11830,"date":"2013-05-27T09:50:27","date_gmt":"2013-05-27T14:50:27","guid":{"rendered":"http:\/\/www.ambiente.gob.ec\/?p=11830"},"modified":"2013-05-27T10:42:22","modified_gmt":"2013-05-27T15:42:22","slug":"mono-chorongo-decomisado-en-orellana","status":"publish","type":"post","link":"https:\/\/www.ambienteyenergia.gob.ec\/ambiente\/mono-chorongo-decomisado-en-orellana\/","title":{"rendered":"Mono chorongo decomisado en Orellana"},"content":{"rendered":"<p style=\"text-align: justify;\">El Ministerio del Ambiente (MAE) decomis\u00f3\u00a0 un mono chorongo\u00a0 (<em>Lagotrix poeppigii<\/em>), el pasado 23 de mayo,\u00a0 en un operativo de control rutinario en la Parroquia San Jos\u00e9 de Payamino del Cant\u00f3n Loreto,\u00a0 provincia de Orellana.<\/p>\n<p style=\"text-align: justify;\">T\u00e9cnicos del \u00c1rea de Vida Silvestre de la\u00a0 Direcci\u00f3n Provincial del Ambiente de Orellana en coordinaci\u00f3n\u00a0 con la Unidad de Polic\u00eda del Medio Ambiente identificaron a la especie en una vivienda del sector.<\/p>\n<p style=\"text-align: justify;\">La persona que lo ten\u00eda su poder adujo que dentro de sus costumbres est\u00e1 alimentarse de este tipo de animales y que para la celebraci\u00f3n de una fiesta en su comunidad mataron a la madre del peque\u00f1o ejemplar rescatado y se quedaron con el mono como mascota. Pero, ante la presencia de las Autoridades Ambientales lo entrego voluntariamente.<\/p>\n<p style=\"text-align: justify;\">El primate fue trasladado inmediatamente al Zool\u00f3gico Coca-Zoo en el cual se le realizar\u00e1 una\u00a0 revisi\u00f3n m\u00e9dica completa y se analizar\u00e1 su estado de salud, para determinar si es conveniente o no devolverlo a su h\u00e1bitat.<\/p>\n<p style=\"text-align: justify;\">Esta especie se encuentra en Ecuador, Per\u00fa y Brasil (Wilson y Reeder, 2005). En Ecuador habita en la Amazon\u00eda centro y sur. Son animales de h\u00e1bitos diurnos, arbor\u00edcolas y viven en grupos de hasta 25 individuos. Se alimentan principalmente de frutos maduros de m\u00e1s de 250 especies de plantas, siendo los higos y las guabas de monte los m\u00e1s importantes. (Tirira, 2007).<\/p>\n<p style=\"text-align: justify;\"><strong>El Dato<\/strong><\/p>\n<p style=\"text-align: justify;\">El mono chorongo\u00a0 es considerado como Vulnerable por la Uni\u00f3n Internacional para la Conservaci\u00f3n de la Naturaleza (UICN) y\u00a0 se encuentra en el Ap\u00e9ndice II de la Convenci\u00f3n sobre el Comercio Internacional de Especies Amenazadas de Fauna y Flora Silvestres (CITES), que se\u00f1ala que es una especie que a pesar de no estar en peligro de extinci\u00f3n puede llegar a estarlo, <strong>si no se regula su comercio.<\/strong><\/p>\n<div id='gallery-1' class='gallery galleryid-11830 gallery-columns-4 gallery-size-thumbnail'><dl class='gallery-item'>\n\t\t\t<dt class='gallery-icon landscape'>\n\t\t\t\t<a href='https:\/\/www.ambienteyenergia.gob.ec\/ambiente\/mono-chorongo-decomisado-en-orellana\/mono-chorongo\/'><img loading=\"lazy\" decoding=\"async\" width=\"150\" height=\"150\" src=\"https:\/\/www.ambienteyenergia.gob.ec\/ambiente\/wp-content\/uploads\/sites\/2\/2013\/05\/Mono-chorongo-150x150.jpg\" class=\"attachment-thumbnail size-thumbnail\" alt=\"\" \/><\/a>\n\t\t\t<\/dt><\/dl><dl class='gallery-item'>\n\t\t\t<dt class='gallery-icon landscape'>\n\t\t\t\t<a href='https:\/\/www.ambienteyenergia.gob.ec\/ambiente\/mono-chorongo-decomisado-en-orellana\/mono-chorongo-en-canil\/'><img loading=\"lazy\" decoding=\"async\" width=\"150\" height=\"150\" src=\"https:\/\/www.ambienteyenergia.gob.ec\/ambiente\/wp-content\/uploads\/sites\/2\/2013\/05\/Mono-chorongo-en-canil-150x150.jpg\" class=\"attachment-thumbnail size-thumbnail\" alt=\"\" \/><\/a>\n\t\t\t<\/dt><\/dl><dl class='gallery-item'>\n\t\t\t<dt class='gallery-icon landscape'>\n\t\t\t\t<a href='https:\/\/www.ambienteyenergia.gob.ec\/ambiente\/mono-chorongo-decomisado-en-orellana\/mono-chorongo-entrega-al-zoo-coca\/'><img loading=\"lazy\" decoding=\"async\" width=\"150\" height=\"150\" src=\"https:\/\/www.ambienteyenergia.gob.ec\/ambiente\/wp-content\/uploads\/sites\/2\/2013\/05\/mono-chorongo-entrega-al-Zoo-Coca-150x150.jpg\" class=\"attachment-thumbnail size-thumbnail\" alt=\"\" \/><\/a>\n\t\t\t<\/dt><\/dl>\n\t\t\t<br style='clear: both' \/>\n\t\t<\/div>\n\n","protected":false},"excerpt":{"rendered":"<p class=\"excerpt\">El Ministerio del Ambiente (MAE) decomis\u00f3\u00a0 un mono chorongo\u00a0 (Lagotrix poeppigii), el pasado 23 de mayo,\u00a0 en un operativo de control rutinario en la Parroquia San Jos\u00e9 de Payamino del Cant\u00f3n Loreto,\u00a0 provincia de Orellana. T\u00e9cnicos del \u00c1rea de Vida Silvestre de la\u00a0 Direcci\u00f3n Provincial del Ambiente de Orellana en coordinaci\u00f3n\u00a0 con la Unidad de Polic\u00eda del Medio Ambiente identificaron&hellip; <a href=\"https:\/\/www.ambienteyenergia.gob.ec\/ambiente\/mono-chorongo-decomisado-en-orellana\/\">Read more &rarr;<\/a><\/p>\n","protected":false},"author":13,"featured_media":11831,"comment_status":"open","ping_status":"open","sticky":false,"template":"","format":"standard","meta":{"footnotes":""},"categories":[16,4],"tags":[],"class_list":["post-11830","post","type-post","status-publish","format-standard","has-post-thumbnail","hentry","category-comunicamos","category-noticias","xfolkentry"],"_links":{"self":[{"href":"https:\/\/www.ambienteyenergia.gob.ec\/ambiente\/wp-json\/wp\/v2\/posts\/11830","targetHints":{"allow":["GET"]}}],"collection":[{"href":"https:\/\/www.ambienteyenergia.gob.ec\/ambiente\/wp-json\/wp\/v2\/posts"}],"about":[{"href":"https:\/\/www.ambienteyenergia.gob.ec\/ambiente\/wp-json\/wp\/v2\/types\/post"}],"author":[{"embeddable":true,"href":"https:\/\/www.ambienteyenergia.gob.ec\/ambiente\/wp-json\/wp\/v2\/users\/13"}],"replies":[{"embeddable":true,"href":"https:\/\/www.ambienteyenergia.gob.ec\/ambiente\/wp-json\/wp\/v2\/comments?post=11830"}],"version-history":[{"count":0,"href":"https:\/\/www.ambienteyenergia.gob.ec\/ambiente\/wp-json\/wp\/v2\/posts\/11830\/revisions"}],"wp:featuredmedia":[{"embeddable":true,"href":"https:\/\/www.ambienteyenergia.gob.ec\/ambiente\/wp-json\/wp\/v2\/media\/11831"}],"wp:attachment":[{"href":"https:\/\/www.ambienteyenergia.gob.ec\/ambiente\/wp-json\/wp\/v2\/media?parent=11830"}],"wp:term":[{"taxonomy":"category","embeddable":true,"href":"https:\/\/www.ambienteyenergia.gob.ec\/ambiente\/wp-json\/wp\/v2\/categories?post=11830"},{"taxonomy":"post_tag","embeddable":true,"href":"https:\/\/www.ambienteyenergia.gob.ec\/ambiente\/wp-json\/wp\/v2\/tags?post=11830"}],"curies":[{"name":"wp","href":"https:\/\/api.w.org\/{rel}","templated":true}]}}