{"id":11823,"date":"2013-05-23T16:48:50","date_gmt":"2013-05-23T21:48:50","guid":{"rendered":"http:\/\/www.ambiente.gob.ec\/?p=11823"},"modified":"2013-05-23T16:48:50","modified_gmt":"2013-05-23T21:48:50","slug":"taller-sobre-la-difusion-de-la-normativa-ambiental-vigente-y-manejo-adecuado-de-los-desechos-peligrosos","status":"publish","type":"post","link":"https:\/\/www.ambienteyenergia.gob.ec\/ambiente\/taller-sobre-la-difusion-de-la-normativa-ambiental-vigente-y-manejo-adecuado-de-los-desechos-peligrosos\/","title":{"rendered":"Taller sobre la Difusi\u00f3n de la Normativa Ambiental Vigente y Manejo Adecuado de los Desechos Peligrosos"},"content":{"rendered":"<p style=\"text-align: justify;\">El Ministerio del Ambiente (MAE), conjuntamente con el Departamento de Gesti\u00f3n Ambiental del Gobierno Aut\u00f3nomo Descentralizado Municipal de Guaranda, realiz\u00f3 el Taller de difusi\u00f3n de la Normativa Ambiental Vigente y Manejo Adecuado de los Desechos Peligrosos en Lubricadoras y Lavadoras. El evento se desarroll\u00f3 el pasado 22 de mayo, en el Sal\u00f3n Verde de la Direcci\u00f3n Provincial del Ambiente Bol\u00edvar, cant\u00f3n Guaranda, provincia de Bol\u00edvar.<\/p>\n<p style=\"text-align: justify;\">El objetivo fue informar a los asistentes<strong> <\/strong>sobre el proceso de regularizaci\u00f3n para obtener los permisos ambientales para sus negocios. Asimismo, comunicar sobre el manejo adecuado de los desechos peligrosos que estas actividades generan.<\/p>\n<p style=\"text-align: justify;\">En el Taller intervinieron representantes de la Empresa Gestora de Desechos Peligrosos Oxivida, quienes orientaron a los asistentes sobre el Manejo adecuado de los desechos peligrosos que generan las Lubricadoras.<\/p>\n<p style=\"text-align: justify;\">Terminado el evento, se procedi\u00f3 a la entrega de certificados. Los asistentes se mostraron satisfechos y agradecieron por la informaci\u00f3n impartida, pues facilita el proceso para la obtenci\u00f3n de los permisos ambientales correspondientes.<\/p>\n<p style=\"text-align: justify;\"><a href=\"http:\/\/www.ambienteyenergia.gob.ec\/ambiente\/wp-content\/uploads\/2013\/05\/Taller-3.jpg\"><img loading=\"lazy\" decoding=\"async\" class=\"aligncenter size-full wp-image-11826\" title=\"Taller sobre la Difusi\u00f3n de la Normativa Ambiental Vigente y Manejo Adecuado de los Desechos Peligrosos \" src=\"http:\/\/www.ambienteyenergia.gob.ec\/ambiente\/wp-content\/uploads\/2013\/05\/Taller-3.jpg\" alt=\"\" width=\"650\" height=\"488\" srcset=\"https:\/\/www.ambienteyenergia.gob.ec\/ambiente\/wp-content\/uploads\/sites\/2\/2013\/05\/Taller-3.jpg 650w, https:\/\/www.ambienteyenergia.gob.ec\/ambiente\/wp-content\/uploads\/sites\/2\/2013\/05\/Taller-3-300x225.jpg 300w, https:\/\/www.ambienteyenergia.gob.ec\/ambiente\/wp-content\/uploads\/sites\/2\/2013\/05\/Taller-3-399x300.jpg 399w\" sizes=\"auto, (max-width: 650px) 100vw, 650px\" \/><\/a><br \/>\n<a href=\"http:\/\/www.ambienteyenergia.gob.ec\/ambiente\/wp-content\/uploads\/2013\/05\/Taller-1.jpg\"><img loading=\"lazy\" decoding=\"async\" class=\"aligncenter size-full wp-image-11824\" title=\"Taller sobre la Difusi\u00f3n de la Normativa Ambiental Vigente y Manejo Adecuado de los Desechos Peligrosos \" src=\"http:\/\/www.ambienteyenergia.gob.ec\/ambiente\/wp-content\/uploads\/2013\/05\/Taller-1.jpg\" alt=\"\" width=\"650\" height=\"488\" srcset=\"https:\/\/www.ambienteyenergia.gob.ec\/ambiente\/wp-content\/uploads\/sites\/2\/2013\/05\/Taller-1.jpg 650w, https:\/\/www.ambienteyenergia.gob.ec\/ambiente\/wp-content\/uploads\/sites\/2\/2013\/05\/Taller-1-300x225.jpg 300w, https:\/\/www.ambienteyenergia.gob.ec\/ambiente\/wp-content\/uploads\/sites\/2\/2013\/05\/Taller-1-399x300.jpg 399w\" sizes=\"auto, (max-width: 650px) 100vw, 650px\" \/><\/a><\/p>\n","protected":false},"excerpt":{"rendered":"<p class=\"excerpt\">El Ministerio del Ambiente (MAE), conjuntamente con el Departamento de Gesti\u00f3n Ambiental del Gobierno Aut\u00f3nomo Descentralizado Municipal de Guaranda, realiz\u00f3 el Taller de difusi\u00f3n de la Normativa Ambiental Vigente y Manejo Adecuado de los Desechos Peligrosos en Lubricadoras y Lavadoras. El evento se desarroll\u00f3 el pasado 22 de mayo, en el Sal\u00f3n Verde de la Direcci\u00f3n Provincial del Ambiente Bol\u00edvar,&hellip; <a href=\"https:\/\/www.ambienteyenergia.gob.ec\/ambiente\/taller-sobre-la-difusion-de-la-normativa-ambiental-vigente-y-manejo-adecuado-de-los-desechos-peligrosos\/\">Read more &rarr;<\/a><\/p>\n","protected":false},"author":13,"featured_media":11825,"comment_status":"open","ping_status":"open","sticky":false,"template":"","format":"standard","meta":{"footnotes":""},"categories":[16,4],"tags":[],"class_list":["post-11823","post","type-post","status-publish","format-standard","has-post-thumbnail","hentry","category-comunicamos","category-noticias","xfolkentry"],"_links":{"self":[{"href":"https:\/\/www.ambienteyenergia.gob.ec\/ambiente\/wp-json\/wp\/v2\/posts\/11823","targetHints":{"allow":["GET"]}}],"collection":[{"href":"https:\/\/www.ambienteyenergia.gob.ec\/ambiente\/wp-json\/wp\/v2\/posts"}],"about":[{"href":"https:\/\/www.ambienteyenergia.gob.ec\/ambiente\/wp-json\/wp\/v2\/types\/post"}],"author":[{"embeddable":true,"href":"https:\/\/www.ambienteyenergia.gob.ec\/ambiente\/wp-json\/wp\/v2\/users\/13"}],"replies":[{"embeddable":true,"href":"https:\/\/www.ambienteyenergia.gob.ec\/ambiente\/wp-json\/wp\/v2\/comments?post=11823"}],"version-history":[{"count":0,"href":"https:\/\/www.ambienteyenergia.gob.ec\/ambiente\/wp-json\/wp\/v2\/posts\/11823\/revisions"}],"wp:featuredmedia":[{"embeddable":true,"href":"https:\/\/www.ambienteyenergia.gob.ec\/ambiente\/wp-json\/wp\/v2\/media\/11825"}],"wp:attachment":[{"href":"https:\/\/www.ambienteyenergia.gob.ec\/ambiente\/wp-json\/wp\/v2\/media?parent=11823"}],"wp:term":[{"taxonomy":"category","embeddable":true,"href":"https:\/\/www.ambienteyenergia.gob.ec\/ambiente\/wp-json\/wp\/v2\/categories?post=11823"},{"taxonomy":"post_tag","embeddable":true,"href":"https:\/\/www.ambienteyenergia.gob.ec\/ambiente\/wp-json\/wp\/v2\/tags?post=11823"}],"curies":[{"name":"wp","href":"https:\/\/api.w.org\/{rel}","templated":true}]}}