{"id":11819,"date":"2013-05-23T16:35:03","date_gmt":"2013-05-23T21:35:03","guid":{"rendered":"http:\/\/www.ambiente.gob.ec\/?p=11819"},"modified":"2013-05-23T16:35:03","modified_gmt":"2013-05-23T21:35:03","slug":"mae-coloca-malla-en-el-cauce-del-estero-puerto-lisa-guayaquil","status":"publish","type":"post","link":"https:\/\/www.ambienteyenergia.gob.ec\/ambiente\/mae-coloca-malla-en-el-cauce-del-estero-puerto-lisa-guayaquil\/","title":{"rendered":"MAE coloca malla en el cauce del Estero Puerto Lisa (Guayaquil)"},"content":{"rendered":"<p style=\"text-align: justify;\">Ayer (mi\u00e9rcoles), el Ministerio del Ambiente (MAE) en el marco del desarrollo de las estrategias del Proyecto Guayaquil Ecol\u00f3gico- Componente Estero Salado, instal\u00f3 una malla en el cauce del extremo final del Estero Puerto Lisa, a la altura de las calles 21 y Maracaibo, al norte del puente 4 Noviembre.<\/p>\n<p style=\"text-align: justify;\">La instalaci\u00f3n de la malla tiene por objeto el bloqueo del ingreso de desechos s\u00f3lidos flotantes (basura), durante la subida de marea.<\/p>\n<p style=\"text-align: justify;\">La recolecci\u00f3n de la basura, que se concentre por efecto de la malla, ser\u00e1 removida por la empresa VISOLIT (Contratista de la Municipalidad de la Guayaquil).<\/p>\n<p style=\"text-align: justify;\">Esta actividad es una r\u00e9plica, que se realiz\u00f3 en el Estero Las Ranas, en donde est\u00e1 trabajando una malla similar desde diciembre del 2012.<\/p>\n<p style=\"text-align: justify;\">El funcionamiento de la misma, se complementa con la ejecuci\u00f3n de una campa\u00f1a de concientizaci\u00f3n y educaci\u00f3n ambiental en el sector, que consiste en entrevistas puerta a puerta a los moradores de las riberas, campa\u00f1as de reciclaje\u00a0 y entrega de tachos para la correcta recolecci\u00f3n de los desechos s\u00f3lidos domiciliarios.<\/p>\n<p style=\"text-align: justify;\">Por otro lado, gracias a la coordinaci\u00f3n interinstitucional con la Comisar\u00eda de Salud P\u00fablica, se est\u00e1 implementando una campa\u00f1a de eliminaci\u00f3n de chancheras irregulares en la ribera del Estero Puerto Lisa.<\/p>\n<p style=\"text-align: justify;\">Lo ejecutado, cuenta con la aprobaci\u00f3n de la Direcci\u00f3n Nacional de los Espacios Acu\u00e1ticos (DIRNEA).<\/p>\n<p style=\"text-align: justify;\">Esta estrategia proyecta mejorar la problem\u00e1tica de los Desechos S\u00f3lidos en este ramal del Estero Salado y la calidad del cuerpo H\u00eddrico.<\/p>\n<p style=\"text-align: justify;\"><a href=\"http:\/\/www.ambienteyenergia.gob.ec\/ambiente\/wp-content\/uploads\/2013\/05\/Malla-Puerto-Lisa.jpg\"><img loading=\"lazy\" decoding=\"async\" class=\"aligncenter size-full wp-image-11821\" title=\"Malla-Puerto-Lisa\" src=\"http:\/\/www.ambienteyenergia.gob.ec\/ambiente\/wp-content\/uploads\/2013\/05\/Malla-Puerto-Lisa.jpg\" alt=\"\" width=\"650\" height=\"502\" srcset=\"https:\/\/www.ambienteyenergia.gob.ec\/ambiente\/wp-content\/uploads\/sites\/2\/2013\/05\/Malla-Puerto-Lisa.jpg 650w, https:\/\/www.ambienteyenergia.gob.ec\/ambiente\/wp-content\/uploads\/sites\/2\/2013\/05\/Malla-Puerto-Lisa-300x231.jpg 300w, https:\/\/www.ambienteyenergia.gob.ec\/ambiente\/wp-content\/uploads\/sites\/2\/2013\/05\/Malla-Puerto-Lisa-388x300.jpg 388w\" sizes=\"auto, (max-width: 650px) 100vw, 650px\" \/><\/a><\/p>\n","protected":false},"excerpt":{"rendered":"<p class=\"excerpt\">Ayer (mi\u00e9rcoles), el Ministerio del Ambiente (MAE) en el marco del desarrollo de las estrategias del Proyecto Guayaquil Ecol\u00f3gico- Componente Estero Salado, instal\u00f3 una malla en el cauce del extremo final del Estero Puerto Lisa, a la altura de las calles 21 y Maracaibo, al norte del puente 4 Noviembre. La instalaci\u00f3n de la malla tiene por objeto el bloqueo&hellip; <a href=\"https:\/\/www.ambienteyenergia.gob.ec\/ambiente\/mae-coloca-malla-en-el-cauce-del-estero-puerto-lisa-guayaquil\/\">Read more &rarr;<\/a><\/p>\n","protected":false},"author":13,"featured_media":11820,"comment_status":"open","ping_status":"open","sticky":false,"template":"","format":"standard","meta":{"footnotes":""},"categories":[16,4],"tags":[],"class_list":["post-11819","post","type-post","status-publish","format-standard","has-post-thumbnail","hentry","category-comunicamos","category-noticias","xfolkentry"],"_links":{"self":[{"href":"https:\/\/www.ambienteyenergia.gob.ec\/ambiente\/wp-json\/wp\/v2\/posts\/11819","targetHints":{"allow":["GET"]}}],"collection":[{"href":"https:\/\/www.ambienteyenergia.gob.ec\/ambiente\/wp-json\/wp\/v2\/posts"}],"about":[{"href":"https:\/\/www.ambienteyenergia.gob.ec\/ambiente\/wp-json\/wp\/v2\/types\/post"}],"author":[{"embeddable":true,"href":"https:\/\/www.ambienteyenergia.gob.ec\/ambiente\/wp-json\/wp\/v2\/users\/13"}],"replies":[{"embeddable":true,"href":"https:\/\/www.ambienteyenergia.gob.ec\/ambiente\/wp-json\/wp\/v2\/comments?post=11819"}],"version-history":[{"count":0,"href":"https:\/\/www.ambienteyenergia.gob.ec\/ambiente\/wp-json\/wp\/v2\/posts\/11819\/revisions"}],"wp:featuredmedia":[{"embeddable":true,"href":"https:\/\/www.ambienteyenergia.gob.ec\/ambiente\/wp-json\/wp\/v2\/media\/11820"}],"wp:attachment":[{"href":"https:\/\/www.ambienteyenergia.gob.ec\/ambiente\/wp-json\/wp\/v2\/media?parent=11819"}],"wp:term":[{"taxonomy":"category","embeddable":true,"href":"https:\/\/www.ambienteyenergia.gob.ec\/ambiente\/wp-json\/wp\/v2\/categories?post=11819"},{"taxonomy":"post_tag","embeddable":true,"href":"https:\/\/www.ambienteyenergia.gob.ec\/ambiente\/wp-json\/wp\/v2\/tags?post=11819"}],"curies":[{"name":"wp","href":"https:\/\/api.w.org\/{rel}","templated":true}]}}