{"id":11802,"date":"2013-05-23T09:11:29","date_gmt":"2013-05-23T14:11:29","guid":{"rendered":"http:\/\/www.ambiente.gob.ec\/?p=11802"},"modified":"2013-05-23T09:11:29","modified_gmt":"2013-05-23T14:11:29","slug":"jornada-de-reforestacion-por-el-dia-del-arbol-en-bolivar","status":"publish","type":"post","link":"https:\/\/www.ambienteyenergia.gob.ec\/ambiente\/jornada-de-reforestacion-por-el-dia-del-arbol-en-bolivar\/","title":{"rendered":"Jornada de reforestaci\u00f3n por el D\u00eda del \u00c1rbol en Bol\u00edvar"},"content":{"rendered":"<p style=\"text-align: justify;\">El Ministerio del Ambiente (MAE), realiz\u00f3 una jornada de reforestaci\u00f3n en la comunidad de San Juan de Llullundongo, perteneciente al cant\u00f3n Guaranda, provincia de Bol\u00edvar. El evento consisti\u00f3 en forestar una hect\u00e1rea de terreno con 700 especies de plantas nativas como lupino, tola, romerillo, higuer\u00f3n y pumamaqui, en conmemoraci\u00f3n al D\u00eda del \u00c1rbol.<\/p>\n<p style=\"text-align: justify;\">El objetivo de esta iniciativa es ejecutar acciones que contribuyan a la recuperaci\u00f3n de los bosques nativos e incentivar a la poblaci\u00f3n para que repliquen estas actividades.<\/p>\n<p style=\"text-align: justify;\">La siembra se desarroll\u00f3 con el apoyo de la Junta de Agua de la misma localidad. En el acto participaron alrededor de 100 personas.<\/p>\n<p style=\"text-align: justify;\">Asimismo, la Direcci\u00f3n Provincial del Ambiente de Bol\u00edvar firm\u00f3 un Acta de Compromisos sobre temas de reforestaci\u00f3n con la comunidad.<\/p>\n<p style=\"text-align: justify;\"><a href=\"http:\/\/www.ambienteyenergia.gob.ec\/ambiente\/wp-content\/uploads\/2013\/05\/reforestaci+\u00a6n-2-Copiar.jpg\"><img loading=\"lazy\" decoding=\"async\" class=\"aligncenter size-medium wp-image-11804\" title=\"reforestacion\" src=\"http:\/\/www.ambienteyenergia.gob.ec\/ambiente\/wp-content\/uploads\/2013\/05\/reforestaci+\u00a6n-2-Copiar-300x225.jpg\" alt=\"\" width=\"300\" height=\"225\" srcset=\"https:\/\/www.ambienteyenergia.gob.ec\/ambiente\/wp-content\/uploads\/sites\/2\/2013\/05\/reforestaci+\u00a6n-2-Copiar-300x225.jpg 300w, https:\/\/www.ambienteyenergia.gob.ec\/ambiente\/wp-content\/uploads\/sites\/2\/2013\/05\/reforestaci+\u00a6n-2-Copiar-400x300.jpg 400w, https:\/\/www.ambienteyenergia.gob.ec\/ambiente\/wp-content\/uploads\/sites\/2\/2013\/05\/reforestaci+\u00a6n-2-Copiar.jpg 640w\" sizes=\"auto, (max-width: 300px) 100vw, 300px\" \/><\/a><a href=\"http:\/\/www.ambienteyenergia.gob.ec\/ambiente\/wp-content\/uploads\/2013\/05\/reforestaci+\u00a6n-2-Copiar.jpg\"><img loading=\"lazy\" decoding=\"async\" class=\"aligncenter size-medium wp-image-11804\" title=\"reforestacion\" src=\"http:\/\/www.ambienteyenergia.gob.ec\/ambiente\/wp-content\/uploads\/2013\/05\/reforestaci+\u00a6n-2-Copiar-300x225.jpg\" alt=\"\" width=\"300\" height=\"225\" srcset=\"https:\/\/www.ambienteyenergia.gob.ec\/ambiente\/wp-content\/uploads\/sites\/2\/2013\/05\/reforestaci+\u00a6n-2-Copiar-300x225.jpg 300w, https:\/\/www.ambienteyenergia.gob.ec\/ambiente\/wp-content\/uploads\/sites\/2\/2013\/05\/reforestaci+\u00a6n-2-Copiar-400x300.jpg 400w, https:\/\/www.ambienteyenergia.gob.ec\/ambiente\/wp-content\/uploads\/sites\/2\/2013\/05\/reforestaci+\u00a6n-2-Copiar.jpg 640w\" sizes=\"auto, (max-width: 300px) 100vw, 300px\" \/><\/a><\/p>\n","protected":false},"excerpt":{"rendered":"<p class=\"excerpt\">El Ministerio del Ambiente (MAE), realiz\u00f3 una jornada de reforestaci\u00f3n en la comunidad de San Juan de Llullundongo, perteneciente al cant\u00f3n Guaranda, provincia de Bol\u00edvar. El evento consisti\u00f3 en forestar una hect\u00e1rea de terreno con 700 especies de plantas nativas como lupino, tola, romerillo, higuer\u00f3n y pumamaqui, en conmemoraci\u00f3n al D\u00eda del \u00c1rbol. El objetivo de esta iniciativa es ejecutar&hellip; <a href=\"https:\/\/www.ambienteyenergia.gob.ec\/ambiente\/jornada-de-reforestacion-por-el-dia-del-arbol-en-bolivar\/\">Read more &rarr;<\/a><\/p>\n","protected":false},"author":13,"featured_media":11806,"comment_status":"open","ping_status":"open","sticky":false,"template":"","format":"standard","meta":{"footnotes":""},"categories":[16,4],"tags":[],"class_list":["post-11802","post","type-post","status-publish","format-standard","has-post-thumbnail","hentry","category-comunicamos","category-noticias","xfolkentry"],"_links":{"self":[{"href":"https:\/\/www.ambienteyenergia.gob.ec\/ambiente\/wp-json\/wp\/v2\/posts\/11802","targetHints":{"allow":["GET"]}}],"collection":[{"href":"https:\/\/www.ambienteyenergia.gob.ec\/ambiente\/wp-json\/wp\/v2\/posts"}],"about":[{"href":"https:\/\/www.ambienteyenergia.gob.ec\/ambiente\/wp-json\/wp\/v2\/types\/post"}],"author":[{"embeddable":true,"href":"https:\/\/www.ambienteyenergia.gob.ec\/ambiente\/wp-json\/wp\/v2\/users\/13"}],"replies":[{"embeddable":true,"href":"https:\/\/www.ambienteyenergia.gob.ec\/ambiente\/wp-json\/wp\/v2\/comments?post=11802"}],"version-history":[{"count":0,"href":"https:\/\/www.ambienteyenergia.gob.ec\/ambiente\/wp-json\/wp\/v2\/posts\/11802\/revisions"}],"wp:featuredmedia":[{"embeddable":true,"href":"https:\/\/www.ambienteyenergia.gob.ec\/ambiente\/wp-json\/wp\/v2\/media\/11806"}],"wp:attachment":[{"href":"https:\/\/www.ambienteyenergia.gob.ec\/ambiente\/wp-json\/wp\/v2\/media?parent=11802"}],"wp:term":[{"taxonomy":"category","embeddable":true,"href":"https:\/\/www.ambienteyenergia.gob.ec\/ambiente\/wp-json\/wp\/v2\/categories?post=11802"},{"taxonomy":"post_tag","embeddable":true,"href":"https:\/\/www.ambienteyenergia.gob.ec\/ambiente\/wp-json\/wp\/v2\/tags?post=11802"}],"curies":[{"name":"wp","href":"https:\/\/api.w.org\/{rel}","templated":true}]}}