{"id":11763,"date":"2013-05-22T10:59:25","date_gmt":"2013-05-22T15:59:25","guid":{"rendered":"http:\/\/www.ambiente.gob.ec\/?p=11763"},"modified":"2013-05-22T11:56:52","modified_gmt":"2013-05-22T16:56:52","slug":"campana-protege-ecuador-la-responsabilidad-es-de-todos","status":"publish","type":"post","link":"https:\/\/www.ambienteyenergia.gob.ec\/ambiente\/campana-protege-ecuador-la-responsabilidad-es-de-todos\/","title":{"rendered":"Campa\u00f1a Protege Ecuador, la responsabilidad es de todos"},"content":{"rendered":"<p style=\"text-align: justify;\">El Ministerio del Ambiente (MAE) propone la campa\u00f1a \u201cProtege Ecuador, la responsabilidad es de todos\u201d, con el objetivo de informar a la poblaci\u00f3n sobre las especies en peligro de extinci\u00f3n y fomentar su protecci\u00f3n.<\/p>\n<p style=\"text-align: justify;\">En la p\u00e1gina web del MAE (http:\/\/www.ambienteyenergia.gob.ec\/ambiente\/), se dar\u00e1 a conocer una especie diferente cada semana. Podr\u00e1s enterarte de sus caracter\u00edsticas f\u00edsicas, h\u00e1bitat, alimentaci\u00f3n y costumbres, en qu\u00e9 zonas del pa\u00eds se encuentran, las principales amenazas y las medidas de conservaci\u00f3n.<\/p>\n<p style=\"text-align: justify;\">El Ecuador posee un gran n\u00famero de fauna silvestre. Sin embargo, muchas especies se encuentran en peligro e incluso al borde de la extinci\u00f3n por diferentes razones. Entre las causas directas est\u00e1n la destrucci\u00f3n y fragmentaci\u00f3n de h\u00e1bitats naturales, la sobreexplotaci\u00f3n, el tr\u00e1fico ilegal de especies y la introducci\u00f3n de especies ex\u00f3ticas.<\/p>\n<p style=\"text-align: justify;\">En total 1252 especies de vertebrados se encuentra dentro de alguna categor\u00eda de amenaza, de los cuales 217 especies son mam\u00edferos, 238 especies son aves, 276 especies son reptiles y 521 especies son anfibios.<\/p>\n<p style=\"text-align: justify;\">En la actualidad, el MAE tiene Estrategias Nacionales para la conservaci\u00f3n de algunas especies en peligro como el oso de anteojos, c\u00f3ndor andino, \u00e1guila harp\u00eda y tapir. Adem\u00e1s, cuenta con un Plan de Acci\u00f3n para la conservaci\u00f3n del albatros. De igual forma busca conservar el h\u00e1bitat de estas especies, a trav\u00e9s del Sistema Nacional de \u00c1reas Protegidas (SNAP).<\/p>\n<p style=\"text-align: justify;\">Este proceso de conservaci\u00f3n no se puede realizar sin el aporte de la poblaci\u00f3n. No permitas que la extinci\u00f3n se propague, se parte del cambio. Inf\u00f3rmate y recuerda que <strong>M\u00e1s gente que conoce es m\u00e1s que protege<\/strong>.<\/p>\n","protected":false},"excerpt":{"rendered":"<p class=\"excerpt\">El Ministerio del Ambiente (MAE) propone la campa\u00f1a \u201cProtege Ecuador, la responsabilidad es de todos\u201d, con el objetivo de informar a la poblaci\u00f3n sobre las especies en peligro de extinci\u00f3n y fomentar su protecci\u00f3n. En la p\u00e1gina web del MAE (http:\/\/www.ambienteyenergia.gob.ec\/ambiente\/), se dar\u00e1 a conocer una especie diferente cada semana. Podr\u00e1s enterarte de sus caracter\u00edsticas f\u00edsicas, h\u00e1bitat, alimentaci\u00f3n y costumbres,&hellip; <a href=\"https:\/\/www.ambienteyenergia.gob.ec\/ambiente\/campana-protege-ecuador-la-responsabilidad-es-de-todos\/\">Read more &rarr;<\/a><\/p>\n","protected":false},"author":13,"featured_media":11775,"comment_status":"open","ping_status":"open","sticky":false,"template":"","format":"standard","meta":{"footnotes":""},"categories":[16,4,10],"tags":[],"class_list":["post-11763","post","type-post","status-publish","format-standard","has-post-thumbnail","hentry","category-comunicamos","category-noticias","category-noticias-destacadas","xfolkentry"],"_links":{"self":[{"href":"https:\/\/www.ambienteyenergia.gob.ec\/ambiente\/wp-json\/wp\/v2\/posts\/11763","targetHints":{"allow":["GET"]}}],"collection":[{"href":"https:\/\/www.ambienteyenergia.gob.ec\/ambiente\/wp-json\/wp\/v2\/posts"}],"about":[{"href":"https:\/\/www.ambienteyenergia.gob.ec\/ambiente\/wp-json\/wp\/v2\/types\/post"}],"author":[{"embeddable":true,"href":"https:\/\/www.ambienteyenergia.gob.ec\/ambiente\/wp-json\/wp\/v2\/users\/13"}],"replies":[{"embeddable":true,"href":"https:\/\/www.ambienteyenergia.gob.ec\/ambiente\/wp-json\/wp\/v2\/comments?post=11763"}],"version-history":[{"count":0,"href":"https:\/\/www.ambienteyenergia.gob.ec\/ambiente\/wp-json\/wp\/v2\/posts\/11763\/revisions"}],"wp:featuredmedia":[{"embeddable":true,"href":"https:\/\/www.ambienteyenergia.gob.ec\/ambiente\/wp-json\/wp\/v2\/media\/11775"}],"wp:attachment":[{"href":"https:\/\/www.ambienteyenergia.gob.ec\/ambiente\/wp-json\/wp\/v2\/media?parent=11763"}],"wp:term":[{"taxonomy":"category","embeddable":true,"href":"https:\/\/www.ambienteyenergia.gob.ec\/ambiente\/wp-json\/wp\/v2\/categories?post=11763"},{"taxonomy":"post_tag","embeddable":true,"href":"https:\/\/www.ambienteyenergia.gob.ec\/ambiente\/wp-json\/wp\/v2\/tags?post=11763"}],"curies":[{"name":"wp","href":"https:\/\/api.w.org\/{rel}","templated":true}]}}