{"id":11758,"date":"2013-05-21T22:34:16","date_gmt":"2013-05-22T03:34:16","guid":{"rendered":"http:\/\/www.ambiente.gob.ec\/?p=11758"},"modified":"2013-05-22T11:37:29","modified_gmt":"2013-05-22T16:37:29","slug":"constructora-luzagui-no-fue-licenciada-por-el-ministerio-del-ambiente","status":"publish","type":"post","link":"https:\/\/www.ambienteyenergia.gob.ec\/ambiente\/constructora-luzagui-no-fue-licenciada-por-el-ministerio-del-ambiente\/","title":{"rendered":"Constructora Luzagui no fue licenciada por el Ministerio del Ambiente"},"content":{"rendered":"<p style=\"text-align: justify;\">La Direcci\u00f3n Provincial del Ambiente de Guayas (DPAG) no ha emitido ning\u00fan licenciamiento ambiental a la Constructora Luzagui para que realice extracci\u00f3n de material p\u00e9treo o inicie obras en el predio ubicado en el sector V\u00eda a Pascuales \u2013 Terminal Terrestre, km 1,5 Parroquia Pascuales. La autorizaci\u00f3n fue para el desalojo, movimiento de tierra y desbroce m\u00ednimo, para la limpieza del terreno perteneciente a la mencionada constructora.<\/p>\n<p style=\"text-align: justify;\">Esta acci\u00f3n responde a la inspecci\u00f3n t\u00e9cnica realizada por esta dependencia, que determina que no se perjudicar\u00e1 a las especies forestales y que no intersectar\u00e1 el \u00a0\u00c1rea Nacional de Recreaci\u00f3n (ANR) Los Samanes o el Bosque Protector Cerro Colorado, seg\u00fan oficio del 7 de diciembre de 2012. Ello, en respuesta al oficio ingresado a la Direcci\u00f3n Provincial del Ambiente de Guayas, el 4 de diciembre de 2012.<\/p>\n<p style=\"text-align: justify;\">No obstante, el 5 de diciembre de 2012, Milton Luzuriaga Aguirre, gerente de la Constructora Luzagui, oficia solicitando la actualizaci\u00f3n de coordenadas y revisi\u00f3n del predio, seg\u00fan la informaci\u00f3n geogr\u00e1fica por \u00e9l facilitada, siendo esta dependencia la \u00fanica acreditada a proporcionar dicho documento.<\/p>\n<p style=\"text-align: justify;\">Luego de la inspecci\u00f3n t\u00e9cnica, se responde con fecha 7 de diciembre de 2012, que se confirma seg\u00fan las coordenadas del terreno, este no intersecta con el \u00c1rea Nacional de Recreaci\u00f3n Los Samanes y que la limpieza no rebas\u00f3 los l\u00edmites del lugar.<\/p>\n<p style=\"text-align: justify;\">Asimismo, se indica al proponente que el tr\u00e1mite de regulaci\u00f3n ambiental debe gestionarse con la Municipalidad de Guayaquil, pues es la autoridad ambiental local acreditada. El MAE no emite el certificado de intersecci\u00f3n, porque el solicitante no cumple con el requisito de adquisici\u00f3n de la tasa respectiva.<\/p>\n<p style=\"text-align: justify;\">El 12 de diciembre de 2012, se hace un alcance en el que se confirman las coordenadas del terreno, que es de 23,13 hect\u00e1reas, reiterando que deber\u00e1 remitirse al Municipio de Guayaquil para obtener los permisos correspondientes.<\/p>\n<p style=\"text-align: justify;\">Luzuriaga ratifica el pedido del certificado de intersecci\u00f3n del predio. Documento que fue respondido el 17 de diciembre del mismo a\u00f1o, direccionando su\u00a0 solicitud de regularizaci\u00f3n ambiental al Municipio de Guayaquil y aclarando que para utilizar el material de construcci\u00f3n de libre aprovechamiento para obras p\u00fablicas, se debe acoger al Decreto Ejecutivo 797, art. 3. En este se menciona: \u201cEl material que se extraiga mediante de libre aprovechamiento de materiales de construcci\u00f3n para obras p\u00fablicas, ser\u00e1 empleado \u00fanica y exclusivamente en la ejecuci\u00f3n de las mismas; de usarse para otros fines, se sancionar\u00e1 de conformidad con lo establecido en los art\u00edculos 144 de la Ley de Miner\u00eda y 49 de reglamento general a la Ley de Miner\u00eda\u201d.<\/p>\n<p style=\"text-align: justify;\">Finalmente, el 2 de abril del 2013, el MAE verific\u00f3 las coordenadas del terreno perteneciente a la constructora Luzagui para constatar que no est\u00e9 afectando el ANR Los Samanes y el Bosque Protector Cerro Colorado de acuerdo a los nuevos planos que presentan, comprobando que corresponde a 25,68 hect\u00e1reas.<\/p>\n<p style=\"text-align: justify;\">Por tanto, reiteramos que el MAE, a trav\u00e9s de su dependencia en Guayaquil, NO ha emitido licencia alguna a favor de la Constructora Luzagui.<\/p>\n<p style=\"text-align: justify;\">\n","protected":false},"excerpt":{"rendered":"<p class=\"excerpt\">La Direcci\u00f3n Provincial del Ambiente de Guayas (DPAG) no ha emitido ning\u00fan licenciamiento ambiental a la Constructora Luzagui para que realice extracci\u00f3n de material p\u00e9treo o inicie obras en el predio ubicado en el sector V\u00eda a Pascuales \u2013 Terminal Terrestre, km 1,5 Parroquia Pascuales. La autorizaci\u00f3n fue para el desalojo, movimiento de tierra y desbroce m\u00ednimo, para la limpieza&hellip; <a href=\"https:\/\/www.ambienteyenergia.gob.ec\/ambiente\/constructora-luzagui-no-fue-licenciada-por-el-ministerio-del-ambiente\/\">Read more &rarr;<\/a><\/p>\n","protected":false},"author":13,"featured_media":11759,"comment_status":"open","ping_status":"open","sticky":false,"template":"","format":"standard","meta":{"footnotes":""},"categories":[16,4],"tags":[],"class_list":["post-11758","post","type-post","status-publish","format-standard","has-post-thumbnail","hentry","category-comunicamos","category-noticias","xfolkentry"],"_links":{"self":[{"href":"https:\/\/www.ambienteyenergia.gob.ec\/ambiente\/wp-json\/wp\/v2\/posts\/11758","targetHints":{"allow":["GET"]}}],"collection":[{"href":"https:\/\/www.ambienteyenergia.gob.ec\/ambiente\/wp-json\/wp\/v2\/posts"}],"about":[{"href":"https:\/\/www.ambienteyenergia.gob.ec\/ambiente\/wp-json\/wp\/v2\/types\/post"}],"author":[{"embeddable":true,"href":"https:\/\/www.ambienteyenergia.gob.ec\/ambiente\/wp-json\/wp\/v2\/users\/13"}],"replies":[{"embeddable":true,"href":"https:\/\/www.ambienteyenergia.gob.ec\/ambiente\/wp-json\/wp\/v2\/comments?post=11758"}],"version-history":[{"count":0,"href":"https:\/\/www.ambienteyenergia.gob.ec\/ambiente\/wp-json\/wp\/v2\/posts\/11758\/revisions"}],"wp:featuredmedia":[{"embeddable":true,"href":"https:\/\/www.ambienteyenergia.gob.ec\/ambiente\/wp-json\/wp\/v2\/media\/11759"}],"wp:attachment":[{"href":"https:\/\/www.ambienteyenergia.gob.ec\/ambiente\/wp-json\/wp\/v2\/media?parent=11758"}],"wp:term":[{"taxonomy":"category","embeddable":true,"href":"https:\/\/www.ambienteyenergia.gob.ec\/ambiente\/wp-json\/wp\/v2\/categories?post=11758"},{"taxonomy":"post_tag","embeddable":true,"href":"https:\/\/www.ambienteyenergia.gob.ec\/ambiente\/wp-json\/wp\/v2\/tags?post=11758"}],"curies":[{"name":"wp","href":"https:\/\/api.w.org\/{rel}","templated":true}]}}