{"id":11754,"date":"2013-05-21T22:31:28","date_gmt":"2013-05-22T03:31:28","guid":{"rendered":"http:\/\/www.ambiente.gob.ec\/?p=11754"},"modified":"2013-05-21T22:31:28","modified_gmt":"2013-05-22T03:31:28","slug":"mae-participo-en-foro-sobre-refineria-del-pacifico","status":"publish","type":"post","link":"https:\/\/www.ambienteyenergia.gob.ec\/ambiente\/mae-participo-en-foro-sobre-refineria-del-pacifico\/","title":{"rendered":"MAE particip\u00f3 en Foro sobre Refiner\u00eda del Pac\u00edfico"},"content":{"rendered":"<p style=\"text-align: justify;\">Hoy martes 21 de mayo, en la ciudad de Manta, provincia de Manab\u00ed, la Ministra del Ambiente, Lorena Tapia, particip\u00f3 en el en 1.\u00b0 Foro y Exhibici\u00f3n de Proyecci\u00f3n Petrolera y Refiner\u00eda del Pac\u00edfico, Esto con la finalidad de exponer los avances de ese proyecto, mediante el cual se prev\u00e9 que el pa\u00eds deje de importar derivados del hidrocarburo.<\/p>\n<p style=\"text-align: justify;\">En el evento, al que asistieron alrededor de 120 personas relacionadas con el sector, entre ellos gerentes, t\u00e9cnicos y empresarios; la M\u00e1xima Autoridad Ambiental del pa\u00eds present\u00f3 una ponencia sobre la gesti\u00f3n que esta Cartera de Estado ejecuta en cuanto a la rector\u00eda, control, monitoreos e inspecciones en\u00a0 la aplicaci\u00f3n de planes de manejo, contingencia y reparaci\u00f3n\u00a0 vinculados al desarrollo de actividades petroleras, as\u00ed como el proceso para la obtenci\u00f3n de licencias ambientales, a trav\u00e9s de la plataforma web del Sistema \u00danico de Informaci\u00f3n Ambiental (SUIA).<\/p>\n<p style=\"text-align: justify;\">En ese sentido, Tapia detall\u00f3 la normativa ambiental vigente con la cual el Ministerio del Ambiente (MAE) ejecuta su trabajo. \u00bb Seg\u00fan lo estipulado en el Acuerdo Ministerial 086 aprobado el 11 de noviembre de 2009, se debe <strong>articular un acuerdo nacional para la sustentabilidad econ\u00f3mica-ambiental,<\/strong> la cual apunta a una escala \u00f3ptima de la econom\u00eda con relaci\u00f3n al ecosistema, considerando que el medio ambiente es la base para toda actividad humana, incluyendo las econ\u00f3micas\u00bb.<\/p>\n<p style=\"text-align: justify;\">Paralelamente, los participantes recibieron informaci\u00f3n sobre los programas, proyectos y servicios que ejecuta el MAE en un stand instalado por funcionarios del Programa de Reparaci\u00f3n Ambiental y Social (PRAS). Decenas de personas relacionadas al sector petrolero pudieron conocer la gesti\u00f3n de este Ministerio, principal organismo ambiental del Ecuador, en su trabajo en pro de un desarrollo sustentable y coordinado de los \u00e1mbitos social y econ\u00f3mico respetando a todos los seres vivos y a la naturaleza.<\/p>\n<p style=\"text-align: justify;\">A la jornada, asistieron tambi\u00e9n Rafael Poveda, titular del Ministerio Coordinador de Sectores Estrat\u00e9gico, al cual pertenece el MAE.<\/p>\n<p style=\"text-align: justify;\"><a href=\"http:\/\/www.ambienteyenergia.gob.ec\/ambiente\/wp-content\/uploads\/2013\/05\/jpg\"><img loading=\"lazy\" decoding=\"async\" class=\"aligncenter size-full wp-image-11756\" title=\"MAE particip\u00f3 en Foro sobre Refiner\u00eda del Pac\u00edfico\" src=\"http:\/\/www.ambienteyenergia.gob.ec\/ambiente\/wp-content\/uploads\/2013\/05\/jpg\" alt=\"\" width=\"650\" height=\"433\" srcset=\"https:\/\/www.ambienteyenergia.gob.ec\/ambiente\/wp-content\/uploads\/sites\/2\/2013\/05\/jpg 650w, https:\/\/www.ambienteyenergia.gob.ec\/ambiente\/wp-content\/uploads\/sites\/2\/2013\/05\/jpg-300x199.jpg 300w, https:\/\/www.ambienteyenergia.gob.ec\/ambiente\/wp-content\/uploads\/sites\/2\/2013\/05\/jpg-450x300.jpg 450w\" sizes=\"auto, (max-width: 650px) 100vw, 650px\" \/><\/a><\/p>\n<p style=\"text-align: justify;\">\n<p style=\"text-align: justify;\">\n","protected":false},"excerpt":{"rendered":"<p class=\"excerpt\">Hoy martes 21 de mayo, en la ciudad de Manta, provincia de Manab\u00ed, la Ministra del Ambiente, Lorena Tapia, particip\u00f3 en el en 1.\u00b0 Foro y Exhibici\u00f3n de Proyecci\u00f3n Petrolera y Refiner\u00eda del Pac\u00edfico, Esto con la finalidad de exponer los avances de ese proyecto, mediante el cual se prev\u00e9 que el pa\u00eds deje de importar derivados del hidrocarburo. En&hellip; <a href=\"https:\/\/www.ambienteyenergia.gob.ec\/ambiente\/mae-participo-en-foro-sobre-refineria-del-pacifico\/\">Read more &rarr;<\/a><\/p>\n","protected":false},"author":13,"featured_media":11755,"comment_status":"open","ping_status":"open","sticky":false,"template":"","format":"standard","meta":{"footnotes":""},"categories":[16,4,10],"tags":[],"class_list":["post-11754","post","type-post","status-publish","format-standard","has-post-thumbnail","hentry","category-comunicamos","category-noticias","category-noticias-destacadas","xfolkentry"],"_links":{"self":[{"href":"https:\/\/www.ambienteyenergia.gob.ec\/ambiente\/wp-json\/wp\/v2\/posts\/11754","targetHints":{"allow":["GET"]}}],"collection":[{"href":"https:\/\/www.ambienteyenergia.gob.ec\/ambiente\/wp-json\/wp\/v2\/posts"}],"about":[{"href":"https:\/\/www.ambienteyenergia.gob.ec\/ambiente\/wp-json\/wp\/v2\/types\/post"}],"author":[{"embeddable":true,"href":"https:\/\/www.ambienteyenergia.gob.ec\/ambiente\/wp-json\/wp\/v2\/users\/13"}],"replies":[{"embeddable":true,"href":"https:\/\/www.ambienteyenergia.gob.ec\/ambiente\/wp-json\/wp\/v2\/comments?post=11754"}],"version-history":[{"count":0,"href":"https:\/\/www.ambienteyenergia.gob.ec\/ambiente\/wp-json\/wp\/v2\/posts\/11754\/revisions"}],"wp:featuredmedia":[{"embeddable":true,"href":"https:\/\/www.ambienteyenergia.gob.ec\/ambiente\/wp-json\/wp\/v2\/media\/11755"}],"wp:attachment":[{"href":"https:\/\/www.ambienteyenergia.gob.ec\/ambiente\/wp-json\/wp\/v2\/media?parent=11754"}],"wp:term":[{"taxonomy":"category","embeddable":true,"href":"https:\/\/www.ambienteyenergia.gob.ec\/ambiente\/wp-json\/wp\/v2\/categories?post=11754"},{"taxonomy":"post_tag","embeddable":true,"href":"https:\/\/www.ambienteyenergia.gob.ec\/ambiente\/wp-json\/wp\/v2\/tags?post=11754"}],"curies":[{"name":"wp","href":"https:\/\/api.w.org\/{rel}","templated":true}]}}