{"id":10656,"date":"2013-01-10T17:06:29","date_gmt":"2013-01-10T22:06:29","guid":{"rendered":"http:\/\/www.ambiente.gob.ec\/?p=10656"},"modified":"2013-04-10T17:15:14","modified_gmt":"2013-04-10T22:15:14","slug":"bde-celebro-junta-general-ordinaria-de-accionistas","status":"publish","type":"post","link":"https:\/\/www.ambienteyenergia.gob.ec\/ambiente\/bde-celebro-junta-general-ordinaria-de-accionistas\/","title":{"rendered":"BdE celebr\u00f3 Junta General Ordinaria de Accionistas"},"content":{"rendered":"<p style=\"text-align: justify;\">Durante la Junta General Ordinaria de Accionistas del Banco del Estado realizada ayer (mi\u00e9rcoles), la Gerenta General de la entidad, Mar\u00eda Soledad Barrera, destac\u00f3 el avance en la construcci\u00f3n de obras de vialidad, saneamiento, recuperaci\u00f3n patrimonial y equipamiento urbano en todo el pa\u00eds. US$ 542 millones de d\u00f3lares se entregaron en cr\u00e9ditos, que representa un nuevo r\u00e9cord hist\u00f3rico de financiamiento.<\/p>\n<p style=\"text-align: justify;\">En 2012, el BdE desembols\u00f3 US$ 17.9 millones orientado a los Gobiernos Aut\u00f3nomos Descentralizados parroquiales rurales; US$ 309.4 millones a los municipales, US$ 118.5 millones a provinciales y US$ 96,8 millones a otras entidades del sector p\u00fablico.<\/p>\n<p style=\"text-align: justify;\">\u00abEsto repercute directamente en la calidad de vida de los ecuatorianos. El Banco est\u00e1 alineado con la decisi\u00f3n firme del Gobierno Nacional de tener un pa\u00eds m\u00e1s justo e incluyente\u00bb, dijo Barrera. Antes, la m\u00e1xima autoridad del BdE manifest\u00f3 que el 2012 fue un a\u00f1o productivo para la instituci\u00f3n financiera estatal.<\/p>\n<p style=\"text-align: justify;\">En el ejercicio del a\u00f1o pasado y respecto a 2011, los activos del BdE se incrementaron en un 37%, pasaron de US$ 1.239 millones a US$ 1.702 millones; la cartera de cr\u00e9dito mantuvo su evoluci\u00f3n anual con un crecimiento de 5%, de US$ 927 millones a US$ 976 millones; igual comportamiento positivo se refleja en el patrimonio institucional, que pas\u00f3 de US$ 411 millones a US$ 467 millones.<\/p>\n<p style=\"text-align: justify;\">\u00abLa instituci\u00f3n, a trav\u00e9s de su pol\u00edtica de redistribuci\u00f3n equitativa de los recursos, apoya directamente al fortalecimiento y consolidaci\u00f3n de la presencia del Estado en todo el territorio nacional, as\u00ed como al incremento de la integraci\u00f3n social\u00bb, acot\u00f3 la Gerenta.<\/p>\n<p style=\"text-align: justify;\">El BdE desembols\u00f3 para agua segura y saneamiento ambiental US$ 194.3 millones; US$ 209.7 millones para vialidad; y asistencia t\u00e9cnica a los GAD\u2019s con fortalecimiento a 2.639 funcionarios municipales.<\/p>\n<p style=\"text-align: justify;\">De igual forma, el Banco del Estado asign\u00f3 US$4.2 millones para generaci\u00f3n hidroel\u00e9ctrica, US$19.5 millones para equipamiento urbano comercial, US$ 3.5 millones para pesca artesanal y US$ 16.6 millones para equipo caminero.<\/p>\n<p style=\"text-align: justify;\">De su parte, Patricio Rivera, Ministro de Finanzas y Presidente del Directorio del BdE, dijo que a parte de los buenos resultados de los programas que financia el Banco se incursion\u00f3 en sectores no tradicionales que contribuyen al incremento del Buen Vivir de cada uno de los ecuatorianos.<\/p>\n<p style=\"text-align: justify;\">\u00abObras como el Corredor Ecotur\u00edstico en la Comuna San Sebasti\u00e1n de Sigsig, el Jard\u00edn Bot\u00e1nico de Nab\u00f3n, la Recuperaci\u00f3n de Orqu\u00eddeas y Especies Nativas, el Parque Central de El Coca, la Red de Ecoturismo Comunitario en Atuntaqui o la Rehabilitaci\u00f3n del Parque de la Madre en Cuenca, no habr\u00edan sido posibles sin esta nueva visi\u00f3n de servicio p\u00fablico\u00bb, acot\u00f3 Rivera.<\/p>\n<p style=\"text-align: justify;\">Asimismo, el Ministro dijo que la calificaci\u00f3n de riesgo institucional \u201cAA\u201d por parte de la calificadora de riesgo Bank Watch Ratings S.A., evidencia que es una instituci\u00f3n financieramente s\u00f3lida y con buenos antecedentes de desempe\u00f1o. \u00abEsto convierte al Banco en una de las instituciones con mejor puntuaci\u00f3n dentro del Sistema Financiero P\u00fablico\u00bb.<\/p>\n<p style=\"text-align: justify;\">Para el a\u00f1o 2013, la Entidad Crediticia Estatal consolidar\u00e1 cinco programas como meta: Prosaneamiento, Productivo, Prodesarrollo, Prohabitat y cooperaci\u00f3n internacional, como parte de su nueva pol\u00edtica financiera y asistencia a los GAD\u2019s.<\/p>\n<p style=\"text-align: justify;\">El BdE propondr\u00e1 un manejo t\u00e9cnico y multidisciplinario en la formulaci\u00f3n e implementaci\u00f3n de programas de financiamiento, maximizando la inversi\u00f3n p\u00fablica hacia los sectores m\u00e1s necesitados del pa\u00eds.<\/p>\n<p style=\"text-align: justify;\">Nuevas obras de saneamiento (agua potable, alcantarillado y gesti\u00f3n integral de desechos s\u00f3lidos), asistencia en productividad tur\u00edstica, oferta de viviendas de inter\u00e9s social y el \u00e9nfasis en preservar la salud, higiene y ambiente son parte de las propuestas para el a\u00f1o en curso.<\/p>\n<p style=\"text-align: justify;\"><strong>Le damos cr\u00e9dito a la naturaleza<\/strong><\/p>\n<p style=\"text-align: justify;\">En 2012 el \u201cPremio Verde Banco del Estado\u201d puso en una innovadora pr\u00e1ctica a los GAD\u2019s municipales en proyectos de mantenimiento de \u00e1reas protegidas, parques ecol\u00f3gicos urbanos, senderos naturales, ciclov\u00edas, ciclorutas y ciclopaseos.<\/p>\n<p style=\"text-align: justify;\">Durante la Junta de Accionistas se galardonaron a los tres mejores proyectos seleccionados entre 39 participantes a nivel nacional.<\/p>\n<p style=\"text-align: justify;\">El Gobierno Aut\u00f3nomo Descentralizado de San Juan Bosco (Morona Santiago) con el proyecto \u00ab\u00c1rea Ecol\u00f3gica de Conservaci\u00f3n Municipal Siete Iglesias\u201d fue el acreedor al primer lugar, con US$ 500 mil d\u00f3lares.<\/p>\n<p style=\"text-align: justify;\">El segundo lugar fue para el proyecto \u201cReforestaci\u00f3n comunitaria participativa con aplicaci\u00f3n de t\u00e9cnicas ancestrales y modernas para el manejo integral de cuencas hidrogr\u00e1ficas y adaptaci\u00f3n al cambio clim\u00e1tico\u201d, presentado por el GAD provincial de Loja que gan\u00f3 US$ 300 mil d\u00f3lares.<\/p>\n<p style=\"text-align: justify;\">El tercer lugar y con US$ 200 mil d\u00f3lares de premio fue para el proyecto \u201cRecuperaci\u00f3n Integral de las Subcuencas Hidrogr\u00e1ficas de los r\u00edos San Pedro y Pilat\u00f3n \u2013 Machachi\u201d estar\u00e1 encaminado a la recuperaci\u00f3n de los suelos degradados de las cuencas del San Pedro y Pilat\u00f3n presentado por el GADs municipal del Cant\u00f3n Mej\u00eda.<\/p>\n<p style=\"text-align: justify;\">La iniciativa recibi\u00f3 por parte del BdE un premio de medio mill\u00f3n de d\u00f3lares, para los tres primeros ganadores, que servir\u00e1n para poner en pr\u00e1ctica las estrategias de Comunicaci\u00f3n, Educaci\u00f3n Ambiental y un Plan de Sostenibilidad Financiera y Gobernanza Ambiental.<\/p>\n<p style=\"text-align: justify;\"><strong>Informe Anual 2012<\/strong><\/p>\n<p style=\"text-align: justify;\"><a href=\"http:\/\/issuu.com\/bancoestadoecuador\/docs\/informe_de_gesti_n_aprobada?mode=window\">&#8211; Lee el Informe Anual 2012<\/a><\/p>\n<p style=\"text-align: justify;\"><strong>Fotos:<\/strong><\/p>\n<p style=\"text-align: justify;\"><a href=\"http:\/\/ow.ly\/jy21Y\">&#8211; La Junta General Ordinaria de Accionistas en im\u00e1genes<\/a><\/p>\n<p style=\"text-align: justify;\"><strong>Video:<\/strong><\/p>\n<p style=\"text-align: justify;\"><a href=\"http:\/\/www.youtube.com\/watch?v=khrRe__0Mkc\">&#8211; Mira las obras emblem\u00e1ticos del BdE<\/a><\/p>\n<p style=\"text-align: justify;\"><iframe loading=\"lazy\" src=\"http:\/\/www.youtube.com\/embed\/khrRe__0Mkc\" frameborder=\"0\" width=\"560\" height=\"315\"><\/iframe><\/p>\n<p style=\"text-align: justify;\"><strong>M\u00e1s noticias:<\/strong><\/p>\n<p style=\"text-align: justify;\"><a href=\"http:\/\/www.bancoestado.com\/index.php?option=com_content&amp;view=article&amp;id=1050%3Abanco-del-estado-consolida-cinco-programas-claves-para-2013-&amp;catid=25%3Anoticias&amp;Itemid=82&amp;lang=es\">&#8211; Banco del Estado consolida cinco programas claves para 2013<\/a><\/p>\n<p style=\"text-align: justify;\"><a href=\"http:\/\/www.bancoestado.com\/index.php?option=com_content&amp;view=article&amp;id=1047%3Ainvitacion-junta-general-ordinaria-de-accionistas-&amp;catid=25%3Anoticias&amp;Itemid=82&amp;lang=es\">&#8211; Banco del Estado duplic\u00f3 financiamiento a GAD\u2019s en los \u00faltimos seis a\u00f1os, HISTORICA INVERSION DEL BdE<\/a><\/p>\n<p style=\"text-align: justify;\">&#8211; <a href=\"http:\/\/www.bancoestado.com\/index.php?option=com_content&amp;view=article&amp;id=1049%3Aproverde-un-programa-crediticio-en-uno-de-los-paises-mas-biodiversos-del-mundo&amp;catid=25%3Anoticias&amp;Itemid=82&amp;lang=es\">PROVERDE, un programa crediticio en uno de los pa\u00edses m\u00e1s biodiversos<\/a><\/p>\n<p style=\"text-align: justify;\"><a href=\"http:\/\/www.bancoestado.com\/index.php?option=com_content&amp;view=article&amp;id=1048%3Amedio-millon-de-dolares-para-el-area-ecologica-de-conservacion-municipal-siete-iglesias&amp;catid=25%3Anoticias&amp;Itemid=82&amp;lang=es\">&#8211; $500 mil para el \u00c1rea Ecol\u00f3gica de Conservaci\u00f3n Municipal Siete Iglesias<\/a><\/p>\n<p style=\"text-align: justify;\"><strong>Minuto a Minuto<\/strong>:<br \/>\n<script type=\"text\/javascript\" src=\"\/\/storify.com\/BancoEstadoEc\/bde-celebro-junta-general-ordinaria-de-accionistas.js\"><\/script><\/p>\n<p>&nbsp;<\/p>\n<p><noscript>[&amp;amp;amp;amp;amp;amp;amp;amp;amp;amp;amp;amp;amp;amp;lt;a href=\u00bb\/\/storify.com\/BancoEstadoEc\/bde-celebro-junta-general-ordinaria-de-accionistas\u00bb target=\u00bb_blank\u00bb&amp;amp;amp;amp;amp;amp;amp;amp;amp;amp;amp;amp;amp;amp;gt;View the story \u00abBdE celebr\u00f3 Junta General Ordinaria de Accionistas \/ Minuto a Minuto\u00bb on Storify&amp;amp;amp;amp;amp;amp;amp;amp;amp;amp;amp;amp;amp;amp;lt;\/a&amp;amp;amp;amp;amp;amp;amp;amp;amp;amp;amp;amp;amp;amp;gt;]<\/noscript><\/p>\n","protected":false},"excerpt":{"rendered":"<p class=\"excerpt\">Durante la Junta General Ordinaria de Accionistas del Banco del Estado realizada ayer (mi\u00e9rcoles), la Gerenta General de la entidad, Mar\u00eda Soledad Barrera, destac\u00f3 el avance en la construcci\u00f3n de obras de vialidad, saneamiento, recuperaci\u00f3n patrimonial y equipamiento urbano en todo el pa\u00eds. US$ 542 millones de d\u00f3lares se entregaron en cr\u00e9ditos, que representa un nuevo r\u00e9cord hist\u00f3rico de financiamiento.&hellip; <a href=\"https:\/\/www.ambienteyenergia.gob.ec\/ambiente\/bde-celebro-junta-general-ordinaria-de-accionistas\/\">Read more &rarr;<\/a><\/p>\n","protected":false},"author":13,"featured_media":10661,"comment_status":"open","ping_status":"open","sticky":false,"template":"","format":"standard","meta":{"footnotes":""},"categories":[4],"tags":[],"class_list":["post-10656","post","type-post","status-publish","format-standard","has-post-thumbnail","hentry","category-noticias","xfolkentry"],"_links":{"self":[{"href":"https:\/\/www.ambienteyenergia.gob.ec\/ambiente\/wp-json\/wp\/v2\/posts\/10656","targetHints":{"allow":["GET"]}}],"collection":[{"href":"https:\/\/www.ambienteyenergia.gob.ec\/ambiente\/wp-json\/wp\/v2\/posts"}],"about":[{"href":"https:\/\/www.ambienteyenergia.gob.ec\/ambiente\/wp-json\/wp\/v2\/types\/post"}],"author":[{"embeddable":true,"href":"https:\/\/www.ambienteyenergia.gob.ec\/ambiente\/wp-json\/wp\/v2\/users\/13"}],"replies":[{"embeddable":true,"href":"https:\/\/www.ambienteyenergia.gob.ec\/ambiente\/wp-json\/wp\/v2\/comments?post=10656"}],"version-history":[{"count":0,"href":"https:\/\/www.ambienteyenergia.gob.ec\/ambiente\/wp-json\/wp\/v2\/posts\/10656\/revisions"}],"wp:featuredmedia":[{"embeddable":true,"href":"https:\/\/www.ambienteyenergia.gob.ec\/ambiente\/wp-json\/wp\/v2\/media\/10661"}],"wp:attachment":[{"href":"https:\/\/www.ambienteyenergia.gob.ec\/ambiente\/wp-json\/wp\/v2\/media?parent=10656"}],"wp:term":[{"taxonomy":"category","embeddable":true,"href":"https:\/\/www.ambienteyenergia.gob.ec\/ambiente\/wp-json\/wp\/v2\/categories?post=10656"},{"taxonomy":"post_tag","embeddable":true,"href":"https:\/\/www.ambienteyenergia.gob.ec\/ambiente\/wp-json\/wp\/v2\/tags?post=10656"}],"curies":[{"name":"wp","href":"https:\/\/api.w.org\/{rel}","templated":true}]}}