{"id":10630,"date":"2013-01-10T15:12:13","date_gmt":"2013-01-10T20:12:13","guid":{"rendered":"http:\/\/www.ambiente.gob.ec\/?p=10630"},"modified":"2013-04-10T15:30:36","modified_gmt":"2013-04-10T20:30:36","slug":"la-ruta-viva-en-quito-avanza-gracias-a-financiamiento-del-banco-del-estado","status":"publish","type":"post","link":"https:\/\/www.ambienteyenergia.gob.ec\/ambiente\/la-ruta-viva-en-quito-avanza-gracias-a-financiamiento-del-banco-del-estado\/","title":{"rendered":"La Ruta Viva en Quito avanza gracias a financiamiento del Banco del Estado"},"content":{"rendered":"<p style=\"text-align: justify;\">Mar\u00eda Soledad Barrera, Gerenta del Banco del Estado junto con Augusto Barrera, Alcalde Metropolitano de Quito, recorrieron la Ruta VIVA (V\u00eda de Integraci\u00f3n a los Valles) para evaluar el avance de la obra.<\/p>\n<p style=\"text-align: justify;\">La Ruta Viva es una v\u00eda que integrar\u00e1 a los Valles, pues mejorar\u00e1 la movilidad de Cumbaya y Tumbaco con Quito y viceversa. Adem\u00e1s ser\u00e1 la conexi\u00f3n con el aeropuerto Mariscal Sucre.<\/p>\n<p style=\"text-align: justify;\">El recorrido de las autoridades empez\u00f3 en la Fase I de la Ruta VIVA e inici\u00f3 en el intercambiador denominado Auquitas, proyectado sobre la av. Sim\u00f3n Bol\u00edvar, en el sector de San Juan Bautista Alto. Posteriormenete, se inici\u00f3 el descenso de la ladera dirigi\u00e9ndose hacia el valle de Cumbay\u00e1, pasando por el sector de San Patricio, hasta llegar a la urbanizaci\u00f3n La Primavera.<\/p>\n<p style=\"text-align: justify;\">En este punto, Augusto Barrera realiz\u00f3 una explicaci\u00f3n de la obra que registra un avance f\u00edsico del 25%.<\/p>\n<p style=\"text-align: justify;\">\u00abQuiero agradecer al Banco del Estado por confiar en este proyecto. Seguiremos trabajando junto a Mar\u00eda Soledad Barrera y la entidad crediticia estatal para tener el Quito del Buen Vivir y lograr las v\u00edas de descongestionamiento que necesita la urbe\u00bb, dijo el Alcade Barrera.<\/p>\n<p style=\"text-align: justify;\">El proyecto avanza gracias al aporte crediticio del Banco del Estado (BdE) por 40 millones de d\u00f3lares. Este valor fondea el pago de las expropiaciones de los predios ubicados en el trazado de la Ruta Viva en sus dos etapas de construcci\u00f3n.<\/p>\n<p style=\"text-align: justify;\">Hasta la fecha, se han realizado los tr\u00e1mites de expropiaci\u00f3n de 101 predios de aproximadamente 303 correspondientes a las fases I y II del proyecto.<\/p>\n<p style=\"text-align: justify;\">El proceso de las expropiaciones las realiza la Empresa P\u00fablica Metropolitana de Movilidad y Obras P\u00fablicas (EPMMOP). Los desembolsos al Municipio de Quito se realizan a medida que esta entidad remite al BdE las certificaciones de pago de las indemnizaciones por las expropiaciones correspondientes.<\/p>\n<p style=\"text-align: justify;\"><strong>La V\u00eda<\/strong><\/p>\n<p style=\"text-align: justify;\">Al momento, trabajan en la construcci\u00f3n de la primera fase que parte desde el intercambiador Auqui, sobre la avenida Sim\u00f3n Bol\u00edvar, hasta La Primavera, a lo largo de 5,5 km. La segunda fase abarca un total de 8,1 km. Inicia en La Primavera y llega hasta Puembo. La Ruta Viva contar\u00e1 con una longitud total de 13.6 km y permitir\u00e1 el desplazamiento de alrededor de 200 mil personas que habitan en la zona de influencia del proyecto.<\/p>\n<p style=\"text-align: justify;\">El costo total de la obra es de aproximadamente 170 millones de d\u00f3lares.<\/p>\n<p style=\"text-align: justify;\"><strong>El Dato<\/strong><\/p>\n<p style=\"text-align: justify;\">Por la avenida Interoce\u00e1nica, seg\u00fan la Epmmop, circulan 50 mil veh\u00edculos por d\u00eda y la proyecci\u00f3n para los pr\u00f3ximos a\u00f1os muestra una tendencia a incrementar hasta los 67 mil veh\u00edculos. Con la Ruta Viva se pretende aliviar la carga vehicular en la Interoce\u00e1nica en un 50%.<\/p>\n<p style=\"text-align: justify;\"><strong>Audio:<\/strong><\/p>\n<p><iframe loading=\"lazy\" src=\"https:\/\/w.soundcloud.com\/player\/?url=http%3A%2F%2Fapi.soundcloud.com%2Ftracks%2F86992137\" frameborder=\"no\" scrolling=\"no\" width=\"100%\" height=\"166\"><\/iframe><br \/>\n<iframe loading=\"lazy\" src=\"https:\/\/w.soundcloud.com\/player\/?url=http%3A%2F%2Fapi.soundcloud.com%2Ftracks%2F86990447\" frameborder=\"no\" scrolling=\"no\" width=\"100%\" height=\"166\"><\/iframe><\/p>\n<p><strong>Fotos:<\/strong><\/p>\n<div id='gallery-1' class='gallery galleryid-10630 gallery-columns-4 gallery-size-thumbnail'><dl class='gallery-item'>\n\t\t\t<dt class='gallery-icon landscape'>\n\t\t\t\t<a href='https:\/\/www.ambienteyenergia.gob.ec\/ambiente\/la-ruta-viva-en-quito-avanza-gracias-a-financiamiento-del-banco-del-estado\/rviva1\/'><img loading=\"lazy\" decoding=\"async\" width=\"150\" height=\"150\" src=\"https:\/\/www.ambienteyenergia.gob.ec\/ambiente\/wp-content\/uploads\/sites\/2\/2013\/01\/rviva1-150x150.jpg\" class=\"attachment-thumbnail size-thumbnail\" alt=\"\" \/><\/a>\n\t\t\t<\/dt><\/dl><dl class='gallery-item'>\n\t\t\t<dt class='gallery-icon landscape'>\n\t\t\t\t<a href='https:\/\/www.ambienteyenergia.gob.ec\/ambiente\/la-ruta-viva-en-quito-avanza-gracias-a-financiamiento-del-banco-del-estado\/sony-dsc-10\/'><img loading=\"lazy\" decoding=\"async\" width=\"150\" height=\"150\" src=\"https:\/\/www.ambienteyenergia.gob.ec\/ambiente\/wp-content\/uploads\/sites\/2\/2013\/01\/120-150x150.jpg\" class=\"attachment-thumbnail size-thumbnail\" alt=\"\" \/><\/a>\n\t\t\t<\/dt><\/dl><dl class='gallery-item'>\n\t\t\t<dt class='gallery-icon landscape'>\n\t\t\t\t<a href='https:\/\/www.ambienteyenergia.gob.ec\/ambiente\/la-ruta-viva-en-quito-avanza-gracias-a-financiamiento-del-banco-del-estado\/sony-dsc-12\/'><img loading=\"lazy\" decoding=\"async\" width=\"150\" height=\"150\" src=\"https:\/\/www.ambienteyenergia.gob.ec\/ambiente\/wp-content\/uploads\/sites\/2\/2013\/01\/213-150x150.jpg\" class=\"attachment-thumbnail size-thumbnail\" alt=\"\" \/><\/a>\n\t\t\t<\/dt><\/dl><dl class='gallery-item'>\n\t\t\t<dt class='gallery-icon landscape'>\n\t\t\t\t<a href='https:\/\/www.ambienteyenergia.gob.ec\/ambiente\/la-ruta-viva-en-quito-avanza-gracias-a-financiamiento-del-banco-del-estado\/sony-dsc-13\/'><img loading=\"lazy\" decoding=\"async\" width=\"150\" height=\"150\" src=\"https:\/\/www.ambienteyenergia.gob.ec\/ambiente\/wp-content\/uploads\/sites\/2\/2013\/01\/02-150x150.jpg\" class=\"attachment-thumbnail size-thumbnail\" alt=\"\" \/><\/a>\n\t\t\t<\/dt><\/dl><br style=\"clear: both\" \/><dl class='gallery-item'>\n\t\t\t<dt class='gallery-icon landscape'>\n\t\t\t\t<a href='https:\/\/www.ambienteyenergia.gob.ec\/ambiente\/la-ruta-viva-en-quito-avanza-gracias-a-financiamiento-del-banco-del-estado\/sony-dsc-14\/'><img loading=\"lazy\" decoding=\"async\" width=\"150\" height=\"150\" src=\"https:\/\/www.ambienteyenergia.gob.ec\/ambiente\/wp-content\/uploads\/sites\/2\/2013\/01\/313-150x150.jpg\" class=\"attachment-thumbnail size-thumbnail\" alt=\"\" \/><\/a>\n\t\t\t<\/dt><\/dl><dl class='gallery-item'>\n\t\t\t<dt class='gallery-icon landscape'>\n\t\t\t\t<a href='https:\/\/www.ambienteyenergia.gob.ec\/ambiente\/la-ruta-viva-en-quito-avanza-gracias-a-financiamiento-del-banco-del-estado\/sony-dsc-15\/'><img loading=\"lazy\" decoding=\"async\" width=\"150\" height=\"150\" src=\"https:\/\/www.ambienteyenergia.gob.ec\/ambiente\/wp-content\/uploads\/sites\/2\/2013\/01\/412-150x150.jpg\" class=\"attachment-thumbnail size-thumbnail\" alt=\"\" \/><\/a>\n\t\t\t<\/dt><\/dl><dl class='gallery-item'>\n\t\t\t<dt class='gallery-icon landscape'>\n\t\t\t\t<a href='https:\/\/www.ambienteyenergia.gob.ec\/ambiente\/la-ruta-viva-en-quito-avanza-gracias-a-financiamiento-del-banco-del-estado\/sony-dsc-16\/'><img loading=\"lazy\" decoding=\"async\" width=\"150\" height=\"150\" src=\"https:\/\/www.ambienteyenergia.gob.ec\/ambiente\/wp-content\/uploads\/sites\/2\/2013\/01\/511-150x150.jpg\" class=\"attachment-thumbnail size-thumbnail\" alt=\"\" \/><\/a>\n\t\t\t<\/dt><\/dl><dl class='gallery-item'>\n\t\t\t<dt class='gallery-icon landscape'>\n\t\t\t\t<a href='https:\/\/www.ambienteyenergia.gob.ec\/ambiente\/la-ruta-viva-en-quito-avanza-gracias-a-financiamiento-del-banco-del-estado\/sony-dsc-17\/'><img loading=\"lazy\" decoding=\"async\" width=\"150\" height=\"150\" src=\"https:\/\/www.ambienteyenergia.gob.ec\/ambiente\/wp-content\/uploads\/sites\/2\/2013\/01\/610-150x150.jpg\" class=\"attachment-thumbnail size-thumbnail\" alt=\"\" \/><\/a>\n\t\t\t<\/dt><\/dl><br style=\"clear: both\" \/><dl class='gallery-item'>\n\t\t\t<dt class='gallery-icon landscape'>\n\t\t\t\t<a href='https:\/\/www.ambienteyenergia.gob.ec\/ambiente\/la-ruta-viva-en-quito-avanza-gracias-a-financiamiento-del-banco-del-estado\/sony-dsc-18\/'><img loading=\"lazy\" decoding=\"async\" width=\"150\" height=\"150\" src=\"https:\/\/www.ambienteyenergia.gob.ec\/ambiente\/wp-content\/uploads\/sites\/2\/2013\/01\/77-150x150.jpg\" class=\"attachment-thumbnail size-thumbnail\" alt=\"\" \/><\/a>\n\t\t\t<\/dt><\/dl><dl class='gallery-item'>\n\t\t\t<dt class='gallery-icon landscape'>\n\t\t\t\t<a href='https:\/\/www.ambienteyenergia.gob.ec\/ambiente\/la-ruta-viva-en-quito-avanza-gracias-a-financiamiento-del-banco-del-estado\/sony-dsc-19\/'><img loading=\"lazy\" decoding=\"async\" width=\"150\" height=\"150\" src=\"https:\/\/www.ambienteyenergia.gob.ec\/ambiente\/wp-content\/uploads\/sites\/2\/2013\/01\/86-150x150.jpg\" class=\"attachment-thumbnail size-thumbnail\" alt=\"\" \/><\/a>\n\t\t\t<\/dt><\/dl><dl class='gallery-item'>\n\t\t\t<dt class='gallery-icon landscape'>\n\t\t\t\t<a href='https:\/\/www.ambienteyenergia.gob.ec\/ambiente\/la-ruta-viva-en-quito-avanza-gracias-a-financiamiento-del-banco-del-estado\/sony-dsc-20\/'><img loading=\"lazy\" decoding=\"async\" width=\"150\" height=\"150\" src=\"https:\/\/www.ambienteyenergia.gob.ec\/ambiente\/wp-content\/uploads\/sites\/2\/2013\/01\/96-150x150.jpg\" class=\"attachment-thumbnail size-thumbnail\" alt=\"\" \/><\/a>\n\t\t\t<\/dt><\/dl><dl class='gallery-item'>\n\t\t\t<dt class='gallery-icon landscape'>\n\t\t\t\t<a href='https:\/\/www.ambienteyenergia.gob.ec\/ambiente\/la-ruta-viva-en-quito-avanza-gracias-a-financiamiento-del-banco-del-estado\/sony-dsc-21\/'><img loading=\"lazy\" decoding=\"async\" width=\"150\" height=\"150\" src=\"https:\/\/www.ambienteyenergia.gob.ec\/ambiente\/wp-content\/uploads\/sites\/2\/2013\/01\/105-150x150.jpg\" class=\"attachment-thumbnail size-thumbnail\" alt=\"\" \/><\/a>\n\t\t\t<\/dt><\/dl><br style=\"clear: both\" \/><dl class='gallery-item'>\n\t\t\t<dt class='gallery-icon landscape'>\n\t\t\t\t<a href='https:\/\/www.ambienteyenergia.gob.ec\/ambiente\/la-ruta-viva-en-quito-avanza-gracias-a-financiamiento-del-banco-del-estado\/sony-dsc-22\/'><img loading=\"lazy\" decoding=\"async\" width=\"150\" height=\"150\" src=\"https:\/\/www.ambienteyenergia.gob.ec\/ambiente\/wp-content\/uploads\/sites\/2\/2013\/01\/1110-150x150.jpg\" class=\"attachment-thumbnail size-thumbnail\" alt=\"\" \/><\/a>\n\t\t\t<\/dt><\/dl><dl class='gallery-item'>\n\t\t\t<dt class='gallery-icon landscape'>\n\t\t\t\t<a href='https:\/\/www.ambienteyenergia.gob.ec\/ambiente\/la-ruta-viva-en-quito-avanza-gracias-a-financiamiento-del-banco-del-estado\/sony-dsc-23\/'><img loading=\"lazy\" decoding=\"async\" width=\"150\" height=\"150\" src=\"https:\/\/www.ambienteyenergia.gob.ec\/ambiente\/wp-content\/uploads\/sites\/2\/2013\/01\/124-150x150.jpg\" class=\"attachment-thumbnail size-thumbnail\" alt=\"\" \/><\/a>\n\t\t\t<\/dt><\/dl><dl class='gallery-item'>\n\t\t\t<dt class='gallery-icon landscape'>\n\t\t\t\t<a href='https:\/\/www.ambienteyenergia.gob.ec\/ambiente\/la-ruta-viva-en-quito-avanza-gracias-a-financiamiento-del-banco-del-estado\/sony-dsc-24\/'><img loading=\"lazy\" decoding=\"async\" width=\"150\" height=\"150\" src=\"https:\/\/www.ambienteyenergia.gob.ec\/ambiente\/wp-content\/uploads\/sites\/2\/2013\/01\/133-150x150.jpg\" class=\"attachment-thumbnail size-thumbnail\" alt=\"\" \/><\/a>\n\t\t\t<\/dt><\/dl><dl class='gallery-item'>\n\t\t\t<dt class='gallery-icon landscape'>\n\t\t\t\t<a href='https:\/\/www.ambienteyenergia.gob.ec\/ambiente\/la-ruta-viva-en-quito-avanza-gracias-a-financiamiento-del-banco-del-estado\/sony-dsc-25\/'><img loading=\"lazy\" decoding=\"async\" width=\"150\" height=\"150\" src=\"https:\/\/www.ambienteyenergia.gob.ec\/ambiente\/wp-content\/uploads\/sites\/2\/2013\/01\/142-150x150.jpg\" class=\"attachment-thumbnail size-thumbnail\" alt=\"\" \/><\/a>\n\t\t\t<\/dt><\/dl><br style=\"clear: both\" \/><dl class='gallery-item'>\n\t\t\t<dt class='gallery-icon landscape'>\n\t\t\t\t<a href='https:\/\/www.ambienteyenergia.gob.ec\/ambiente\/la-ruta-viva-en-quito-avanza-gracias-a-financiamiento-del-banco-del-estado\/sony-dsc-26\/'><img loading=\"lazy\" decoding=\"async\" width=\"150\" height=\"150\" src=\"https:\/\/www.ambienteyenergia.gob.ec\/ambiente\/wp-content\/uploads\/sites\/2\/2013\/01\/152-150x150.jpg\" class=\"attachment-thumbnail size-thumbnail\" alt=\"\" \/><\/a>\n\t\t\t<\/dt><\/dl><dl class='gallery-item'>\n\t\t\t<dt class='gallery-icon landscape'>\n\t\t\t\t<a href='https:\/\/www.ambienteyenergia.gob.ec\/ambiente\/la-ruta-viva-en-quito-avanza-gracias-a-financiamiento-del-banco-del-estado\/sony-dsc-27\/'><img loading=\"lazy\" decoding=\"async\" width=\"150\" height=\"150\" src=\"https:\/\/www.ambienteyenergia.gob.ec\/ambiente\/wp-content\/uploads\/sites\/2\/2013\/01\/162-150x150.jpg\" class=\"attachment-thumbnail size-thumbnail\" alt=\"\" \/><\/a>\n\t\t\t<\/dt><\/dl>\n\t\t\t<br style='clear: both' \/>\n\t\t<\/div>\n\n","protected":false},"excerpt":{"rendered":"<p class=\"excerpt\">Mar\u00eda Soledad Barrera, Gerenta del Banco del Estado junto con Augusto Barrera, Alcalde Metropolitano de Quito, recorrieron la Ruta VIVA (V\u00eda de Integraci\u00f3n a los Valles) para evaluar el avance de la obra. La Ruta Viva es una v\u00eda que integrar\u00e1 a los Valles, pues mejorar\u00e1 la movilidad de Cumbaya y Tumbaco con Quito y viceversa. Adem\u00e1s ser\u00e1 la conexi\u00f3n&hellip; <a href=\"https:\/\/www.ambienteyenergia.gob.ec\/ambiente\/la-ruta-viva-en-quito-avanza-gracias-a-financiamiento-del-banco-del-estado\/\">Read more &rarr;<\/a><\/p>\n","protected":false},"author":13,"featured_media":10632,"comment_status":"open","ping_status":"open","sticky":false,"template":"","format":"standard","meta":{"footnotes":""},"categories":[4],"tags":[],"class_list":["post-10630","post","type-post","status-publish","format-standard","has-post-thumbnail","hentry","category-noticias","xfolkentry"],"_links":{"self":[{"href":"https:\/\/www.ambienteyenergia.gob.ec\/ambiente\/wp-json\/wp\/v2\/posts\/10630","targetHints":{"allow":["GET"]}}],"collection":[{"href":"https:\/\/www.ambienteyenergia.gob.ec\/ambiente\/wp-json\/wp\/v2\/posts"}],"about":[{"href":"https:\/\/www.ambienteyenergia.gob.ec\/ambiente\/wp-json\/wp\/v2\/types\/post"}],"author":[{"embeddable":true,"href":"https:\/\/www.ambienteyenergia.gob.ec\/ambiente\/wp-json\/wp\/v2\/users\/13"}],"replies":[{"embeddable":true,"href":"https:\/\/www.ambienteyenergia.gob.ec\/ambiente\/wp-json\/wp\/v2\/comments?post=10630"}],"version-history":[{"count":0,"href":"https:\/\/www.ambienteyenergia.gob.ec\/ambiente\/wp-json\/wp\/v2\/posts\/10630\/revisions"}],"wp:featuredmedia":[{"embeddable":true,"href":"https:\/\/www.ambienteyenergia.gob.ec\/ambiente\/wp-json\/wp\/v2\/media\/10632"}],"wp:attachment":[{"href":"https:\/\/www.ambienteyenergia.gob.ec\/ambiente\/wp-json\/wp\/v2\/media?parent=10630"}],"wp:term":[{"taxonomy":"category","embeddable":true,"href":"https:\/\/www.ambienteyenergia.gob.ec\/ambiente\/wp-json\/wp\/v2\/categories?post=10630"},{"taxonomy":"post_tag","embeddable":true,"href":"https:\/\/www.ambienteyenergia.gob.ec\/ambiente\/wp-json\/wp\/v2\/tags?post=10630"}],"curies":[{"name":"wp","href":"https:\/\/api.w.org\/{rel}","templated":true}]}}